{"id":750,"date":"2012-06-03T12:53:03","date_gmt":"2012-06-03T12:53:03","guid":{"rendered":"http:\/\/wiesbaden-blog.net\/?p=750"},"modified":"2020-05-23T12:51:51","modified_gmt":"2020-05-23T12:51:51","slug":"historisches-wiesbaden-kapitel-1-die-alte-synagoge","status":"publish","type":"post","link":"http:\/\/wiesbaden-blog.net\/?p=750","title":{"rendered":"Historisches Wiesbaden &#8211; Kapitel 1 &#8211; Die alte Synagoge"},"content":{"rendered":"<p>Vor einigen Wochen habe ich angek\u00fcndigt das ich die alte Luftaufnahme von John McGrew etwas genauer unter die Lupe nehmen m\u00f6chte und euch zeigen will was sich seit damals in Wiesbaden ver\u00e4ndert hat. Heute nun schaffe ich es endlich das erste Kapitel zu dem Thema anzuf\u00fcgen. Beginnen m\u00f6chte ich mit der Gesichte der alten Synagoge an der heutigen Stelle an der &#8222;Michelsberg&#8220; und &#8222;Coulinstr.&#8220; ineinander \u00fcbergehen und eine weitere Stra\u00dfe zum &#8222;Schulberg&#8220; f\u00fchrt.<\/p>\n<p>Schauen wir uns das doch ersteinmal auf dem alten Foto an:<\/p>\n<div id=\"attachment_752\" style=\"width: 594px\" class=\"wp-caption alignnone\"><a href=\"http:\/\/wiesbaden-blog.net\/wp-content\/uploads\/historisches_wiesbaden_markiert_syn1.jpg\"><img loading=\"lazy\" decoding=\"async\" aria-describedby=\"caption-attachment-752\" class=\"size-large wp-image-752\" title=\"Standort der alten Synagoge in Wiesbaden\" src=\"http:\/\/wiesbaden-blog.net\/wp-content\/uploads\/historisches_wiesbaden_markiert_syn1-1024x775.jpg\" alt=\"Standort der alten Synagoge in Wiesbaden\" width=\"584\" height=\"441\" srcset=\"http:\/\/wiesbaden-blog.net\/wp-content\/uploads\/historisches_wiesbaden_markiert_syn1-1024x775.jpg 1024w, http:\/\/wiesbaden-blog.net\/wp-content\/uploads\/historisches_wiesbaden_markiert_syn1-300x227.jpg 300w, http:\/\/wiesbaden-blog.net\/wp-content\/uploads\/historisches_wiesbaden_markiert_syn1-396x300.jpg 396w\" sizes=\"(max-width: 584px) 100vw, 584px\" \/><\/a><p id=\"caption-attachment-752\" class=\"wp-caption-text\">Standort der alten Synagoge in Wiesbaden<\/p><\/div>\n<p>Wir reden also hier von dem Geb\u00e4ude mit der Kuppel im gelb markierten Bereich.<\/p>\n<div id=\"attachment_755\" style=\"width: 571px\" class=\"wp-caption alignnone\"><a href=\"http:\/\/wiesbaden-blog.net\/wp-content\/uploads\/historisches_wiesbaden_markiert_syn2.jpg\"><img loading=\"lazy\" decoding=\"async\" aria-describedby=\"caption-attachment-755\" class=\"size-full wp-image-755\" title=\"Die alte Synagoge an der Coulinstr.\" src=\"http:\/\/wiesbaden-blog.net\/wp-content\/uploads\/historisches_wiesbaden_markiert_syn2.jpg\" alt=\"Die alte Synagoge an der Coulinstr.\" width=\"561\" height=\"378\" srcset=\"http:\/\/wiesbaden-blog.net\/wp-content\/uploads\/historisches_wiesbaden_markiert_syn2.jpg 561w, http:\/\/wiesbaden-blog.net\/wp-content\/uploads\/historisches_wiesbaden_markiert_syn2-300x202.jpg 300w, http:\/\/wiesbaden-blog.net\/wp-content\/uploads\/historisches_wiesbaden_markiert_syn2-445x300.jpg 445w\" sizes=\"(max-width: 561px) 100vw, 561px\" \/><\/a><p id=\"caption-attachment-755\" class=\"wp-caption-text\">Die alte Synagoge auf dem Michelsberg<\/p><\/div>\n<h2>\u00a0Geschichtliches<\/h2>\n<p>Beginnen wir ersteinmal mit den Eckdaten. Die Synagoge wurde in den Jahren 1863 bis 1896 in Form eines <a title=\"Griechisches Kreuz\" href=\"http:\/\/de.wikipedia.org\/wiki\/Griechisches_Kreuz\">griechischen Kreuzes<\/a> errichtet. Das von dem Architekten und Stadtbaumeister Philipp Hoffmann entworfene Bauwerk war 35 m hoch und hatte eine mit goldenen Sternen \u00fcberzogene Hauptkuppel. An den 4 Ecken des Geb\u00e4udes standen kleine T\u00fcrmchen mit Kuppelaufs\u00e4tzen. Der im Gesamten im maurisch-byzantinischen Stil gehaltene Prachtbau galt f\u00fcr einige Zeitgenossen gar als sch\u00f6nste Synagoge Deutschlands.<\/p>\n<p>Hier ein Foto des Geb\u00e4udes etwa um 1880. Links im Bild m\u00fcsste die heutige Stra\u00dfe &#8222;Schulberg&#8220; verlaufen. Die Stra\u00dfe vor der Synagoge (rechts im Bild) ist die Stra\u00dfe &#8222;Michelsberg&#8220;.<\/p>\n<div id=\"attachment_763\" style=\"width: 211px\" class=\"wp-caption alignnone\"><a href=\"http:\/\/wiesbaden-blog.net\/wp-content\/uploads\/Wiesbaden_Alte_Synagoge.jpg\"><img loading=\"lazy\" decoding=\"async\" aria-describedby=\"caption-attachment-763\" class=\"size-full wp-image-763\" title=\"Alte Synagoge Wiesbaden\" src=\"http:\/\/wiesbaden-blog.net\/wp-content\/uploads\/Wiesbaden_Alte_Synagoge.jpg\" alt=\"Alte Synagoge Wiesbaden\" width=\"201\" height=\"269\" \/><\/a><p id=\"caption-attachment-763\" class=\"wp-caption-text\">Alte Synagoge Wiesbaden<\/p><\/div>\n<p>Hier noch ein weiteres Bild aus einer anderen Perspektive, das ich auf der Webseite der Landeshauptstadt Wiesbaden gefunden habe. Das Aufnahmedatum ist leider unbekannt. Der Bebauung nach zu urteilen muss es aber nach 1880 und noch vor 1919 entstanden sein. Der Blick geht die Stra\u00dfe &#8222;Michelsberg&#8220; entlang und f\u00e4ngt dabei die Synagoge ein. Im Hintergrund zu erkennen \u00fcbrigens die Turmspitzen der, nur wenige Jahre \u00e4lteren, Marktkirche.<\/p>\n<div id=\"attachment_765\" style=\"width: 560px\" class=\"wp-caption alignnone\"><a href=\"http:\/\/wiesbaden-blog.net\/wp-content\/uploads\/550x550.pm1_.bgFFFFFF.jpg\"><img loading=\"lazy\" decoding=\"async\" aria-describedby=\"caption-attachment-765\" class=\"size-full wp-image-765\" title=\"Alte Synagoge Wiesbaden\" src=\"http:\/\/wiesbaden-blog.net\/wp-content\/uploads\/550x550.pm1_.bgFFFFFF.jpg\" alt=\"Alte Synagoge Wiesbaden\" width=\"550\" height=\"551\" srcset=\"http:\/\/wiesbaden-blog.net\/wp-content\/uploads\/550x550.pm1_.bgFFFFFF.jpg 550w, http:\/\/wiesbaden-blog.net\/wp-content\/uploads\/550x550.pm1_.bgFFFFFF-150x150.jpg 150w, http:\/\/wiesbaden-blog.net\/wp-content\/uploads\/550x550.pm1_.bgFFFFFF-300x300.jpg 300w, http:\/\/wiesbaden-blog.net\/wp-content\/uploads\/550x550.pm1_.bgFFFFFF-299x300.jpg 299w\" sizes=\"(max-width: 550px) 100vw, 550px\" \/><\/a><p id=\"caption-attachment-765\" class=\"wp-caption-text\">Alte Synagoge Wiesbaden (Quelle: Landeshauptstadt Wiesbaden)<\/p><\/div>\n<p>Und hier noch ein Bild aus dem Innenraum das Synagoge.<\/p>\n<div id=\"attachment_769\" style=\"width: 178px\" class=\"wp-caption alignnone\"><a href=\"http:\/\/wiesbaden-blog.net\/wp-content\/uploads\/Wiesbaden_Alte_Synagoge_Aaron_haKodesch.jpg\"><img loading=\"lazy\" decoding=\"async\" aria-describedby=\"caption-attachment-769\" class=\"size-full wp-image-769\" title=\"Der Toraschrein in der alten Synagoge Wiesbaden\" src=\"http:\/\/wiesbaden-blog.net\/wp-content\/uploads\/Wiesbaden_Alte_Synagoge_Aaron_haKodesch.jpg\" alt=\"Der Toraschrein in der alten Synagoge Wiesbaden\" width=\"168\" height=\"206\" \/><\/a><p id=\"caption-attachment-769\" class=\"wp-caption-text\">Der Toraschrein in der alten Synagoge Wiesbaden<\/p><\/div>\n<p>Leider ereilte die alte Synagoge das gleich Schicksal wie viele Bauten ihrer Art. In der Nacht vom 9. auf den 10. November 1938, der Reichspogromnacht, wurde sie in Brand gesetzt und zerst\u00f6rt. Die verbleibenden Au\u00dfenmauern wurden dann 1939 endg\u00fcltig abgebrochen.<\/p>\n<p>Das folgende Bild zeigt die Zerst\u00f6rung jener Nacht. Es stammt aus dem Archiv des Center for Jewish History in New York, das \u00fcber flickr eingesehen werden kann.<\/p>\n<div id=\"attachment_773\" style=\"width: 210px\" class=\"wp-caption alignnone\"><a href=\"http:\/\/wiesbaden-blog.net\/wp-content\/uploads\/4408567277_a8bc659760_o.jpg\"><img loading=\"lazy\" decoding=\"async\" aria-describedby=\"caption-attachment-773\" class=\"size-medium wp-image-773\" title=\"Die alte Synagoge in Wiesbaden nach Anschl\u00e4ngen in der Reichsprogromnacht\" src=\"http:\/\/wiesbaden-blog.net\/wp-content\/uploads\/4408567277_a8bc659760_o-200x300.jpg\" alt=\"Die alte Synagoge in Wiesbaden nach Anschl\u00e4ngen in der Reichsprogromnacht\" width=\"200\" height=\"300\" srcset=\"http:\/\/wiesbaden-blog.net\/wp-content\/uploads\/4408567277_a8bc659760_o-200x300.jpg 200w, http:\/\/wiesbaden-blog.net\/wp-content\/uploads\/4408567277_a8bc659760_o.jpg 512w\" sizes=\"(max-width: 200px) 100vw, 200px\" \/><\/a><p id=\"caption-attachment-773\" class=\"wp-caption-text\">Die alte Synagoge in Wiesbaden nach Anschl\u00e4ngen in der Reichspogromnacht<\/p><\/div>\n<h2>Der ehemalige Standort der Synagoge heute<\/h2>\n<p>Heute, mehr als 70 Jahre nach der Zerst\u00f6rung der Synagoge hat der Platz auf dem Michelsberg eine bewegte Vergangenheit hinter sich und doch sind einige Dinge noch immer wie sie damals waren. So steht der Doppelhauskomplex, der auf vielen Fotos hinter der Synagoge zu sehen ist auch heute noch.<\/p>\n<p>Hier die Vergleichfotos.<\/p>\n<div id=\"attachment_780\" style=\"width: 201px\" class=\"wp-caption alignnone\"><a href=\"http:\/\/wiesbaden-blog.net\/wp-content\/uploads\/2xwohnhaus.jpg\"><img loading=\"lazy\" decoding=\"async\" aria-describedby=\"caption-attachment-780\" class=\"size-full wp-image-780\" title=\"Die Beiden H\u00e4user hinter der Synagoge\" src=\"http:\/\/wiesbaden-blog.net\/wp-content\/uploads\/2xwohnhaus.jpg\" alt=\"Die Beiden H\u00e4user hinter der Synagoge\" width=\"191\" height=\"165\" \/><\/a><p id=\"caption-attachment-780\" class=\"wp-caption-text\">Die Beiden H\u00e4user hinter der Synagoge<\/p><\/div>\n<div id=\"attachment_781\" style=\"width: 310px\" class=\"wp-caption alignnone\"><a href=\"http:\/\/wiesbaden-blog.net\/wp-content\/uploads\/2xwohnhaus2.jpg\"><img loading=\"lazy\" decoding=\"async\" aria-describedby=\"caption-attachment-781\" class=\"size-medium wp-image-781\" title=\"Sie sind auch heute noch vorhanden\" src=\"http:\/\/wiesbaden-blog.net\/wp-content\/uploads\/2xwohnhaus2-300x282.jpg\" alt=\"Sie sind auch heute noch vorhanden\" width=\"300\" height=\"282\" srcset=\"http:\/\/wiesbaden-blog.net\/wp-content\/uploads\/2xwohnhaus2-300x282.jpg 300w, http:\/\/wiesbaden-blog.net\/wp-content\/uploads\/2xwohnhaus2-318x300.jpg 318w, http:\/\/wiesbaden-blog.net\/wp-content\/uploads\/2xwohnhaus2.jpg 449w\" sizes=\"(max-width: 300px) 100vw, 300px\" \/><\/a><p id=\"caption-attachment-781\" class=\"wp-caption-text\">Sie sind auch heute noch vorhanden<\/p><\/div>\n<p>Ansonsten war dieser Ort und seine Umgebung aber stark dem Wandel der Zeit ausgesetzt. W\u00e4hrend des Krieges diente der alte Sockel der Synagoge noch als L\u00f6schwasserreservoir. Danach wurde auch dieser letzte Rest planiert und es entstand ein Parkplatz. Bei der Erweiterung der &#8222;Coulinstr.&#8220; wurde dann ein gro\u00dfer Teil des Grundst\u00fccks zur Verbreiterung der Stra\u00dfe verwendet. Wo zuvor die &#8222;Coulinstr.&#8220; noch direkt in die Stra\u00dfe &#8222;Michelsberg&#8220; m\u00fcndete f\u00fchrt sie nun daran vorbei und vereinigt sich f\u00f6rmlich mit ihr. Heute f\u00fchrt diese Stra\u00dfe direkt durch die alte Synagoge hindurch.<\/p>\n<p>1969 wurde dann auch noch eine, von vielen Wiesbadenern verachtete, Hochstra\u00dfe aus Beton \u00fcber den Platz gef\u00fchrt. Ihr musste sogar das damalige Denkmal mit der Aufschrift\u00a0\u201eDer Welt Gewissen ist die Liebe&#8220; zur Erinnerung an die fr\u00fchere Synagoge platz machen. Es wurde weiter nach oben verlegt. Dieses unsch\u00f6ne Bauwerk wurde erst 2001 wieder abgerissenen.<\/p>\n<p>Erst im Jahr 1995 wurde dann wieder ein erster Versuch gestartet hier ein sichtbares Mahnmal, das an die alte Synagoge erinnerst, zu installieren. So wurde der Umriss der des alten Baus mit blauer Farbe direkt auf die Coulinstr. gemalt. Danach passierte aber noch viele Jahre nicht viel. 2005 wurde dann ein Wettbewerb gestartet durch den ein Entwurf f\u00fcr ein w\u00fcrdiges Denkmal gefunden werden sollte.<br \/>\nAm 27. Januar 2011 wurde es eingeweiht. Das sogenannte &#8222;Namentliche Gedenken&#8220; war nach 8 Monaten Bauzeit und mehreren Jahren Planungsphase endlich fertig gestellt. Seit dem sind die Grundrisse der alten Synagoge nicht nur im Stra\u00dfenbelag der Coulinstr. zu sehen, sondern sie sind auch von Steinw\u00e4nden auf beiden Seiten der Stra\u00dfe eingefasst. Auf ihnen stehen die Namen von 1507, durch die Nationalsozialisten get\u00f6teten, j\u00fcdischen Mitb\u00fcrger. Entworfen wurde das Denkmal von der K\u00fcnstlerin Valeria Sass und dem Architekturb\u00fcro Barbara Willecke.<\/p>\n<p>Hier eine Reihe aktueller Fotos, die die heutigen Gegebenheiten vor Ort wiedergeben.<\/p>\n<div id=\"attachment_791\" style=\"width: 594px\" class=\"wp-caption alignnone\"><a href=\"http:\/\/wiesbaden-blog.net\/wp-content\/uploads\/DSCF1492.jpg\"><img loading=\"lazy\" decoding=\"async\" aria-describedby=\"caption-attachment-791\" class=\"size-large wp-image-791\" title=\"&quot;Namentliches Gedenken&quot; am Platz der alten Synagoge\" src=\"http:\/\/wiesbaden-blog.net\/wp-content\/uploads\/DSCF1492-1024x768.jpg\" alt=\"&quot;Namentliches Gedenken&quot; am Platz der alten Synagoge\" width=\"584\" height=\"438\" srcset=\"http:\/\/wiesbaden-blog.net\/wp-content\/uploads\/DSCF1492-1024x768.jpg 1024w, http:\/\/wiesbaden-blog.net\/wp-content\/uploads\/DSCF1492-300x224.jpg 300w, http:\/\/wiesbaden-blog.net\/wp-content\/uploads\/DSCF1492-400x300.jpg 400w\" sizes=\"(max-width: 584px) 100vw, 584px\" \/><\/a><p id=\"caption-attachment-791\" class=\"wp-caption-text\">&#8222;Namentliches Gedenken&#8220; am Platz der alten Synagoge<\/p><\/div>\n<div id=\"attachment_792\" style=\"width: 594px\" class=\"wp-caption alignnone\"><a href=\"http:\/\/wiesbaden-blog.net\/wp-content\/uploads\/DSCF1493.jpg\"><img loading=\"lazy\" decoding=\"async\" aria-describedby=\"caption-attachment-792\" class=\"size-large wp-image-792\" title=\"Im Hintergrund die beiden Wohnh\u00e4user die auch auf unserem Bild von 1919 schon vorhanden sind.\" src=\"http:\/\/wiesbaden-blog.net\/wp-content\/uploads\/DSCF1493-768x1024.jpg\" alt=\"Im Hintergrund die beiden Wohnh\u00e4user die auch auf unserem Bild von 1919 schon vorhanden sind.\" width=\"584\" height=\"778\" \/><\/a><p id=\"caption-attachment-792\" class=\"wp-caption-text\">Im Hintergrund die beiden Wohnh\u00e4user die auch auf unserem Bild von 1919 schon vorhanden sind.<\/p><\/div>\n<div id=\"attachment_793\" style=\"width: 594px\" class=\"wp-caption alignnone\"><a href=\"http:\/\/wiesbaden-blog.net\/wp-content\/uploads\/DSCF1494.jpg\"><img loading=\"lazy\" decoding=\"async\" aria-describedby=\"caption-attachment-793\" class=\"size-large wp-image-793\" title=\"Informationstafel an der Stra\u00dfe &quot;Micheslberg&quot; direkt neben der Coulinstr.\" src=\"http:\/\/wiesbaden-blog.net\/wp-content\/uploads\/DSCF1494-1024x768.jpg\" alt=\"Informationstafel an der Stra\u00dfe &quot;Micheslberg&quot; direkt neben der Coulinstr.\" width=\"584\" height=\"438\" srcset=\"http:\/\/wiesbaden-blog.net\/wp-content\/uploads\/DSCF1494-1024x768.jpg 1024w, http:\/\/wiesbaden-blog.net\/wp-content\/uploads\/DSCF1494-300x224.jpg 300w, http:\/\/wiesbaden-blog.net\/wp-content\/uploads\/DSCF1494-400x300.jpg 400w\" sizes=\"(max-width: 584px) 100vw, 584px\" \/><\/a><p id=\"caption-attachment-793\" class=\"wp-caption-text\">Informationstafel an der Stra\u00dfe &#8222;Michelsberg&#8220; direkt neben der Coulinstr.<\/p><\/div>\n<div id=\"attachment_794\" style=\"width: 594px\" class=\"wp-caption alignnone\"><a href=\"http:\/\/wiesbaden-blog.net\/wp-content\/uploads\/DSCF1495.jpg\"><img loading=\"lazy\" decoding=\"async\" aria-describedby=\"caption-attachment-794\" class=\"size-large wp-image-794\" title=\"Schlecht zu erkennen, ein in das Glas gefr\u00e4sstes Bild des alten Altars.\" src=\"http:\/\/wiesbaden-blog.net\/wp-content\/uploads\/DSCF1495-768x1024.jpg\" alt=\"Schlecht zu erkennen, ein in das Glas gefr\u00e4sstes Bild des alten Altars.\" width=\"584\" height=\"778\" \/><\/a><p id=\"caption-attachment-794\" class=\"wp-caption-text\">Schlecht zu erkennen, ein in das Glas gefr\u00e4stes Bild des alten Altars.<\/p><\/div>\n<div id=\"attachment_795\" style=\"width: 594px\" class=\"wp-caption alignnone\"><a href=\"http:\/\/wiesbaden-blog.net\/wp-content\/uploads\/DSCF1496.jpg\"><img loading=\"lazy\" decoding=\"async\" aria-describedby=\"caption-attachment-795\" class=\"size-large wp-image-795\" title=\"Die Wand mit dem Namensband auf dem die Opfer des Nationalsozialismuses stehen\" src=\"http:\/\/wiesbaden-blog.net\/wp-content\/uploads\/DSCF1496-768x1024.jpg\" alt=\"Die Wand mit dem Namensband auf dem die Opfer des Nationalsozialismuses stehen\" width=\"584\" height=\"778\" \/><\/a><p id=\"caption-attachment-795\" class=\"wp-caption-text\">Die Wand mit dem Namensband auf dem die Opfer des Nationalsozialismuses stehen<\/p><\/div>\n<div id=\"attachment_796\" style=\"width: 594px\" class=\"wp-caption alignnone\"><a href=\"http:\/\/wiesbaden-blog.net\/wp-content\/uploads\/DSCF1497.jpg\"><img loading=\"lazy\" decoding=\"async\" aria-describedby=\"caption-attachment-796\" class=\"size-large wp-image-796\" title=\"Das Namensband mit den Namen der 1507 Opfern der Nationalsozialisten\" src=\"http:\/\/wiesbaden-blog.net\/wp-content\/uploads\/DSCF1497-1024x768.jpg\" alt=\"Das Namensband mit den Namen der 1507 Opfern der Nationalsozialisten\" width=\"584\" height=\"438\" srcset=\"http:\/\/wiesbaden-blog.net\/wp-content\/uploads\/DSCF1497-1024x768.jpg 1024w, http:\/\/wiesbaden-blog.net\/wp-content\/uploads\/DSCF1497-300x224.jpg 300w, http:\/\/wiesbaden-blog.net\/wp-content\/uploads\/DSCF1497-400x300.jpg 400w\" sizes=\"(max-width: 584px) 100vw, 584px\" \/><\/a><p id=\"caption-attachment-796\" class=\"wp-caption-text\">Das Namensband mit den Namen der 1507 Opfern der Nationalsozialisten<\/p><\/div>\n<div id=\"attachment_797\" style=\"width: 594px\" class=\"wp-caption alignnone\"><a href=\"http:\/\/wiesbaden-blog.net\/wp-content\/uploads\/DSCF1498.jpg\"><img loading=\"lazy\" decoding=\"async\" aria-describedby=\"caption-attachment-797\" class=\"size-large wp-image-797\" title=\"Blick vom Denkmal auf die Coulinstr. dahinter die Einm\u00fcndung der Str. &quot;Michelsberg&quot;\" src=\"http:\/\/wiesbaden-blog.net\/wp-content\/uploads\/DSCF1498-1024x768.jpg\" alt=\"Blick vom Denkmal auf die Coulinstr. dahinter die Einm\u00fcndung der Str. &quot;Michelsberg&quot;\" width=\"584\" height=\"438\" srcset=\"http:\/\/wiesbaden-blog.net\/wp-content\/uploads\/DSCF1498-1024x768.jpg 1024w, http:\/\/wiesbaden-blog.net\/wp-content\/uploads\/DSCF1498-300x224.jpg 300w, http:\/\/wiesbaden-blog.net\/wp-content\/uploads\/DSCF1498-400x300.jpg 400w\" sizes=\"(max-width: 584px) 100vw, 584px\" \/><\/a><p id=\"caption-attachment-797\" class=\"wp-caption-text\">Blick vom Denkmal auf die Coulinstr. dahinter die Einm\u00fcndung der Str. &#8222;Michelsberg&#8220;<\/p><\/div>\n<div id=\"attachment_798\" style=\"width: 594px\" class=\"wp-caption alignnone\"><a href=\"http:\/\/wiesbaden-blog.net\/wp-content\/uploads\/DSCF1499.jpg\"><img loading=\"lazy\" decoding=\"async\" aria-describedby=\"caption-attachment-798\" class=\"size-large wp-image-798\" title=\"Noch mehr Namen an den W\u00e4nden der Gedenkst\u00e4tte\" src=\"http:\/\/wiesbaden-blog.net\/wp-content\/uploads\/DSCF1499-1024x768.jpg\" alt=\"Noch mehr Namen an den W\u00e4nden der Gedenkst\u00e4tte\" width=\"584\" height=\"438\" srcset=\"http:\/\/wiesbaden-blog.net\/wp-content\/uploads\/DSCF1499-1024x768.jpg 1024w, http:\/\/wiesbaden-blog.net\/wp-content\/uploads\/DSCF1499-300x224.jpg 300w, http:\/\/wiesbaden-blog.net\/wp-content\/uploads\/DSCF1499-400x300.jpg 400w\" sizes=\"(max-width: 584px) 100vw, 584px\" \/><\/a><p id=\"caption-attachment-798\" class=\"wp-caption-text\">Noch mehr Namen an den W\u00e4nden der Gedenkst\u00e4tte<\/p><\/div>\n<p style=\"font-size: 9px; margin-bottom: 0px;\">Quellen:<\/p>\n<ul style=\"font-size: 9px;\">\n<li><a title=\"Fotostream vom Center for Jewish History, NYC\" href=\"http:\/\/www.flickr.com\/photos\/center_for_jewish_history\/\">Fotostream von Center for Jewish History, NYC<\/a><\/li>\n<li><a title=\"Landeshauptstadt Wiesbaden - Synagoge am Michelsberg\" href=\"http:\/\/www.wiesbaden.de\/kultur\/stadtgeschichte\/gedenkorte\/synagoge-michelsberg.php\">Landeshauptstadt Wiesbaden &#8211; Synagoge am Michelsberg<\/a><\/li>\n<li><a title=\"Landeshauptstadt Wiesbaden - Geschichte der Synagoge\" href=\"http:\/\/www.wiesbaden.de\/leben-in-wiesbaden\/planen\/staedtebauliche-projekte\/oeffentlicher-raum\/geschichte.php\">Landeshauptstadt Wiesbaden &#8211; Geschichte der Synagoge<\/a><\/li>\n<li><a href=\"http:\/\/www.memo38.de\/\">http:\/\/www.memo38.de\/<\/a><\/li>\n<li><a href=\"http:\/\/de.wikipedia.org\/wiki\/Alte_Synagoge_%28Wiesbaden%29\">Wikipedia<\/a><\/li>\n<li><a title=\"eigene Bilder von Melanie\" href=\"mailto:melanie@wiesbaden-blog.net\">Eigene Bilder<\/a><\/li>\n<\/ul>\n<div class=\"twoclick_social_bookmarks_post_750 social_share_privacy clearfix 1.6.4 locale-de_DE sprite-de_DE\"><\/div><div class=\"twoclick-js\"><script type=\"text\/javascript\">\/* <![CDATA[ *\/\njQuery(document).ready(function($){if($('.twoclick_social_bookmarks_post_750')){$('.twoclick_social_bookmarks_post_750').socialSharePrivacy({\"services\":{\"facebook\":{\"status\":\"on\",\"txt_info\":\"2 Klicks f\\u00fcr mehr Datenschutz: Erst wenn Sie hier klicken, wird der Button aktiv und Sie k\\u00f6nnen Ihre Empfehlung an Facebook senden. Schon beim Aktivieren werden Daten an Dritte \\u00fcbertragen - siehe <em>i<\\\/em>.\",\"perma_option\":\"off\",\"action\":\"recommend\",\"language\":\"de_DE\"},\"twitter\":{\"reply_to\":\"\",\"tweet_text\":\"%20Historisches%20Wiesbaden%20%E2%80%93%20Kapitel%201%20%E2%80%93%20Die%20alte%20Synagoge%20%C2%BB%20...\",\"status\":\"on\",\"txt_info\":\"2 Klicks f\\u00fcr mehr Datenschutz: Erst wenn Sie hier klicken, wird der Button aktiv und Sie k\\u00f6nnen Ihre Empfehlung an Twitter senden. Schon beim Aktivieren werden Daten an Dritte \\u00fcbertragen - siehe <em>i<\\\/em>.\",\"perma_option\":\"off\",\"language\":\"de\",\"referrer_track\":\"\"},\"gplus\":{\"status\":\"on\",\"txt_info\":\"2 Klicks f\\u00fcr mehr Datenschutz: Erst wenn Sie hier klicken, wird der Button aktiv und Sie k\\u00f6nnen Ihre Empfehlung an Google+ senden. Schon beim Aktivieren werden Daten an Dritte \\u00fcbertragen - siehe <em>i<\\\/em>.\",\"perma_option\":\"off\",\"referrer_track\":\"\"}},\"txt_help\":\"Wenn Sie diese Felder durch einen Klick aktivieren, werden Informationen an Facebook, Twitter, Flattr, Xing, t3n, LinkedIn, Pinterest oder Google eventuell ins Ausland \\u00fcbertragen und unter Umst\\u00e4nden auch dort gespeichert. N\\u00e4heres erfahren Sie durch einen Klick auf das <em>i<\\\/em>.\",\"settings_perma\":\"Dauerhaft aktivieren und Daten\\u00fcber-tragung zustimmen:\",\"info_link\":\"http:\\\/\\\/www.heise.de\\\/ct\\\/artikel\\\/2-Klicks-fuer-mehr-Datenschutz-1333879.html\",\"uri\":\"http:\\\/\\\/wiesbaden-blog.net\\\/?p=750\",\"post_id\":750,\"post_title_referrer_track\":\"Historisches+Wiesbaden+%26%238211%3B+Kapitel+1+%26%238211%3B+Die+alte+Synagoge\",\"display_infobox\":\"on\"});}});\n\/* ]]> *\/<\/script><\/div>","protected":false},"excerpt":{"rendered":"<p>Vor einigen Wochen habe ich angek\u00fcndigt das ich die alte Luftaufnahme von John McGrew etwas genauer unter die Lupe nehmen m\u00f6chte und euch zeigen will was sich seit damals in Wiesbaden ver\u00e4ndert hat. Heute nun schaffe ich es endlich das &hellip; <a href=\"http:\/\/wiesbaden-blog.net\/?p=750\">Weiterlesen <span class=\"meta-nav\">&rarr;<\/span><\/a><\/p>\n","protected":false},"author":1,"featured_media":796,"comment_status":"open","ping_status":"open","sticky":false,"template":"","format":"standard","meta":{"footnotes":""},"categories":[7],"tags":[94,95,56,98,96,99,97],"class_list":["post-750","post","type-post","status-publish","format-standard","has-post-thumbnail","hentry","category-alte-ansichten-fruher-und-heute","tag-alte-synagoge","tag-coulinstr","tag-historisches-wiesbaden","tag-juden","tag-michelsberg","tag-namentliches-gedenken","tag-schulberg"],"_links":{"self":[{"href":"http:\/\/wiesbaden-blog.net\/index.php?rest_route=\/wp\/v2\/posts\/750"}],"collection":[{"href":"http:\/\/wiesbaden-blog.net\/index.php?rest_route=\/wp\/v2\/posts"}],"about":[{"href":"http:\/\/wiesbaden-blog.net\/index.php?rest_route=\/wp\/v2\/types\/post"}],"author":[{"embeddable":true,"href":"http:\/\/wiesbaden-blog.net\/index.php?rest_route=\/wp\/v2\/users\/1"}],"replies":[{"embeddable":true,"href":"http:\/\/wiesbaden-blog.net\/index.php?rest_route=%2Fwp%2Fv2%2Fcomments&post=750"}],"version-history":[{"count":59,"href":"http:\/\/wiesbaden-blog.net\/index.php?rest_route=\/wp\/v2\/posts\/750\/revisions"}],"predecessor-version":[{"id":7237,"href":"http:\/\/wiesbaden-blog.net\/index.php?rest_route=\/wp\/v2\/posts\/750\/revisions\/7237"}],"wp:featuredmedia":[{"embeddable":true,"href":"http:\/\/wiesbaden-blog.net\/index.php?rest_route=\/wp\/v2\/media\/796"}],"wp:attachment":[{"href":"http:\/\/wiesbaden-blog.net\/index.php?rest_route=%2Fwp%2Fv2%2Fmedia&parent=750"}],"wp:term":[{"taxonomy":"category","embeddable":true,"href":"http:\/\/wiesbaden-blog.net\/index.php?rest_route=%2Fwp%2Fv2%2Fcategories&post=750"},{"taxonomy":"post_tag","embeddable":true,"href":"http:\/\/wiesbaden-blog.net\/index.php?rest_route=%2Fwp%2Fv2%2Ftags&post=750"}],"curies":[{"name":"wp","href":"https:\/\/api.w.org\/{rel}","templated":true}]}}