{"id":7106,"date":"2017-04-08T14:27:43","date_gmt":"2017-04-08T14:27:43","guid":{"rendered":"http:\/\/wiesbaden-blog.net\/?p=7106"},"modified":"2017-05-27T14:41:43","modified_gmt":"2017-05-27T14:41:43","slug":"fruehlingserwachen-und-grossbaustelle-an-der-wilhelmstrasse","status":"publish","type":"post","link":"http:\/\/wiesbaden-blog.net\/?p=7106","title":{"rendered":"Fr\u00fchlingserwachen und Gro\u00dfbaustelle an der Wilhelmstra\u00dfe"},"content":{"rendered":"<p>Es ist Fr\u00fchling und da sich an der Wilhelmstra\u00dfe zur Zeit einiges tut, wollte ich endlich mal wieder eine Tour mit meiner Kamera machen.<\/p>\n<p>So wird gerade, ganz aktuell eine neue Fernw\u00e4rmeleitung verlegt. Das macht aus der Wilhelmstra\u00dfe eine gro\u00dfe Baustelle, die zu starken Verkehrsbehinderungen f\u00fchrt. Aber auch zuvor ist schon einiges passiert. So begann vor etwa einem Jahr der Abriss der ehemaligen Commerzbank in der Wilhelmstra\u00dfe 44-46. Dort klafft nun schon seit etlichen Monaten ein gro\u00dfes Loch, das neue Einblicke zul\u00e4sst. An der entsprechenden Stelle soll ein Neubau mit Wohnungen und Gesch\u00e4ften entstehen.<\/p>\n<p>Ein weiteres, noch viel gr\u00f6\u00dferes Loch klafft schon l\u00e4nger am Kureck. Hier wurde das alte R+V-Hochhaus in m\u00fchevoller Kleinarbeit abgetragen. Der von mir innig gehasste Bau und einige umliegende Geb\u00e4ude mussten weichen um einem neuen Wohn- und Gesch\u00e4ftsturm Platz zu schaffen. Auch soll ein Ensemble aus Villen mit Luxuswohnungen entstehen. Ich pers\u00f6nlich bin, besonders was das neue, wenn auch etwas kleinere, Hochhaus angeht, zur Zeit noch sehr skeptisch. Meine Hoffnung lag eigentlich darauf, das man sich endlich daf\u00fcr entscheiden w\u00fcrde, einen weniger klotzigen Bau ans Ende der Wilhelmstra\u00dfe zu setzen. Aber wie es am Ende tats\u00e4chlich wirken wird, wird sich noch zeigen.<\/p>\n<p>Hier aber nun der versprochene Blick auf die Ver\u00e4nderungen an der fr\u00fchlingshaften Wilhelmstra\u00dfe.<\/p>\n\n\t\t<style type=\"text\/css\">\n\t\t\t#gallery-1 {\n\t\t\t\tmargin: auto;\n\t\t\t}\n\t\t\t#gallery-1 .gallery-item {\n\t\t\t\tfloat: left;\n\t\t\t\tmargin-top: 10px;\n\t\t\t\ttext-align: center;\n\t\t\t\twidth: 25%;\n\t\t\t}\n\t\t\t#gallery-1 img {\n\t\t\t\tborder: 2px solid #cfcfcf;\n\t\t\t}\n\t\t\t#gallery-1 .gallery-caption {\n\t\t\t\tmargin-left: 0;\n\t\t\t}\n\t\t\t\/* see gallery_shortcode() in wp-includes\/media.php *\/\n\t\t<\/style>\n\t\t<div id='gallery-1' class='gallery galleryid-7106 gallery-columns-4 gallery-size-thumbnail'><dl class='gallery-item'>\n\t\t\t<dt class='gallery-icon landscape'>\n\t\t\t\t<a href='http:\/\/wiesbaden-blog.net\/?attachment_id=7114'><img loading=\"lazy\" decoding=\"async\" width=\"150\" height=\"150\" src=\"http:\/\/wiesbaden-blog.net\/wp-content\/uploads\/DSC_0080-1-150x150.jpg\" class=\"attachment-thumbnail size-thumbnail\" alt=\"... in der Fr\u00fchlingssonne.\" aria-describedby=\"gallery-1-7114\" \/><\/a>\n\t\t\t<\/dt>\n\t\t\t\t<dd class='wp-caption-text gallery-caption' id='gallery-1-7114'>\n\t\t\t\tWeiher am Warmen Damm\n\t\t\t\t<\/dd><\/dl><dl class='gallery-item'>\n\t\t\t<dt class='gallery-icon landscape'>\n\t\t\t\t<a href='http:\/\/wiesbaden-blog.net\/?attachment_id=7115'><img loading=\"lazy\" decoding=\"async\" width=\"150\" height=\"150\" src=\"http:\/\/wiesbaden-blog.net\/wp-content\/uploads\/DSC_0081-1-150x150.jpg\" class=\"attachment-thumbnail size-thumbnail\" alt=\"\u00dcberall bl\u00fcht es\" aria-describedby=\"gallery-1-7115\" \/><\/a>\n\t\t\t<\/dt>\n\t\t\t\t<dd class='wp-caption-text gallery-caption' id='gallery-1-7115'>\n\t\t\t\tPark am Warmen Damm\n\t\t\t\t<\/dd><\/dl><dl class='gallery-item'>\n\t\t\t<dt class='gallery-icon landscape'>\n\t\t\t\t<a href='http:\/\/wiesbaden-blog.net\/?attachment_id=7116'><img loading=\"lazy\" decoding=\"async\" width=\"150\" height=\"150\" src=\"http:\/\/wiesbaden-blog.net\/wp-content\/uploads\/DSC_0082-1-150x150.jpg\" class=\"attachment-thumbnail size-thumbnail\" alt=\"Gelbe und wei\u00dfe Narzissen am Weiher am Warmen Damm\" aria-describedby=\"gallery-1-7116\" \/><\/a>\n\t\t\t<\/dt>\n\t\t\t\t<dd class='wp-caption-text gallery-caption' id='gallery-1-7116'>\n\t\t\t\tAm Warmen Damm\n\t\t\t\t<\/dd><\/dl><dl class='gallery-item'>\n\t\t\t<dt class='gallery-icon landscape'>\n\t\t\t\t<a href='http:\/\/wiesbaden-blog.net\/?attachment_id=7117'><img loading=\"lazy\" decoding=\"async\" width=\"150\" height=\"150\" src=\"http:\/\/wiesbaden-blog.net\/wp-content\/uploads\/DSC_0083-1-150x150.jpg\" class=\"attachment-thumbnail size-thumbnail\" alt=\"erfreuen sich am sch\u00f6nen Wetter\" aria-describedby=\"gallery-1-7117\" \/><\/a>\n\t\t\t<\/dt>\n\t\t\t\t<dd class='wp-caption-text gallery-caption' id='gallery-1-7117'>\n\t\t\t\tEnten und G\u00e4nse\n\t\t\t\t<\/dd><\/dl><br style=\"clear: both\" \/><dl class='gallery-item'>\n\t\t\t<dt class='gallery-icon landscape'>\n\t\t\t\t<a href='http:\/\/wiesbaden-blog.net\/?attachment_id=7118'><img loading=\"lazy\" decoding=\"async\" width=\"150\" height=\"150\" src=\"http:\/\/wiesbaden-blog.net\/wp-content\/uploads\/DSC_0084-1-150x150.jpg\" class=\"attachment-thumbnail size-thumbnail\" alt=\"Blick \u00fcber das Wasser\" aria-describedby=\"gallery-1-7118\" \/><\/a>\n\t\t\t<\/dt>\n\t\t\t\t<dd class='wp-caption-text gallery-caption' id='gallery-1-7118'>\n\t\t\t\tWeiher am Warmen Damm\n\t\t\t\t<\/dd><\/dl><dl class='gallery-item'>\n\t\t\t<dt class='gallery-icon landscape'>\n\t\t\t\t<a href='http:\/\/wiesbaden-blog.net\/?attachment_id=7119'><img loading=\"lazy\" decoding=\"async\" width=\"150\" height=\"150\" src=\"http:\/\/wiesbaden-blog.net\/wp-content\/uploads\/DSC_0085-1-150x150.jpg\" class=\"attachment-thumbnail size-thumbnail\" alt=\"\" aria-describedby=\"gallery-1-7119\" \/><\/a>\n\t\t\t<\/dt>\n\t\t\t\t<dd class='wp-caption-text gallery-caption' id='gallery-1-7119'>\n\t\t\t\tSchlafende Stockente\n\t\t\t\t<\/dd><\/dl><dl class='gallery-item'>\n\t\t\t<dt class='gallery-icon landscape'>\n\t\t\t\t<a href='http:\/\/wiesbaden-blog.net\/?attachment_id=7120'><img loading=\"lazy\" decoding=\"async\" width=\"150\" height=\"150\" src=\"http:\/\/wiesbaden-blog.net\/wp-content\/uploads\/DSC_0086-1-150x150.jpg\" class=\"attachment-thumbnail size-thumbnail\" alt=\"\" aria-describedby=\"gallery-1-7120\" \/><\/a>\n\t\t\t<\/dt>\n\t\t\t\t<dd class='wp-caption-text gallery-caption' id='gallery-1-7120'>\n\t\t\t\tWeiher am Warmen Damm\n\t\t\t\t<\/dd><\/dl><dl class='gallery-item'>\n\t\t\t<dt class='gallery-icon landscape'>\n\t\t\t\t<a href='http:\/\/wiesbaden-blog.net\/?attachment_id=7121'><img loading=\"lazy\" decoding=\"async\" width=\"150\" height=\"150\" src=\"http:\/\/wiesbaden-blog.net\/wp-content\/uploads\/DSC_0087-1-150x150.jpg\" class=\"attachment-thumbnail size-thumbnail\" alt=\"\" aria-describedby=\"gallery-1-7121\" \/><\/a>\n\t\t\t<\/dt>\n\t\t\t\t<dd class='wp-caption-text gallery-caption' id='gallery-1-7121'>\n\t\t\t\tIm Park am Warmen Damm\n\t\t\t\t<\/dd><\/dl><br style=\"clear: both\" \/><dl class='gallery-item'>\n\t\t\t<dt class='gallery-icon landscape'>\n\t\t\t\t<a href='http:\/\/wiesbaden-blog.net\/?attachment_id=7122'><img loading=\"lazy\" decoding=\"async\" width=\"150\" height=\"150\" src=\"http:\/\/wiesbaden-blog.net\/wp-content\/uploads\/DSC_0088-1-150x150.jpg\" class=\"attachment-thumbnail size-thumbnail\" alt=\"Hier werden Fernw\u00e4rmeleitungen verlegt\" aria-describedby=\"gallery-1-7122\" \/><\/a>\n\t\t\t<\/dt>\n\t\t\t\t<dd class='wp-caption-text gallery-caption' id='gallery-1-7122'>\n\t\t\t\tBaustelle an der Wilhelmstra\u00dfe\n\t\t\t\t<\/dd><\/dl><dl class='gallery-item'>\n\t\t\t<dt class='gallery-icon landscape'>\n\t\t\t\t<a href='http:\/\/wiesbaden-blog.net\/?attachment_id=7123'><img loading=\"lazy\" decoding=\"async\" width=\"150\" height=\"150\" src=\"http:\/\/wiesbaden-blog.net\/wp-content\/uploads\/DSC_0089-1-150x150.jpg\" class=\"attachment-thumbnail size-thumbnail\" alt=\"\" aria-describedby=\"gallery-1-7123\" \/><\/a>\n\t\t\t<\/dt>\n\t\t\t\t<dd class='wp-caption-text gallery-caption' id='gallery-1-7123'>\n\t\t\t\tBaustelle an der Wilhelmstra\u00dfe\n\t\t\t\t<\/dd><\/dl><dl class='gallery-item'>\n\t\t\t<dt class='gallery-icon landscape'>\n\t\t\t\t<a href='http:\/\/wiesbaden-blog.net\/?attachment_id=7124'><img loading=\"lazy\" decoding=\"async\" width=\"150\" height=\"150\" src=\"http:\/\/wiesbaden-blog.net\/wp-content\/uploads\/DSC_0090-1-150x150.jpg\" class=\"attachment-thumbnail size-thumbnail\" alt=\"\" aria-describedby=\"gallery-1-7124\" \/><\/a>\n\t\t\t<\/dt>\n\t\t\t\t<dd class='wp-caption-text gallery-caption' id='gallery-1-7124'>\n\t\t\t\tBaustelle an der Wilhelmstra\u00dfe\n\t\t\t\t<\/dd><\/dl><dl class='gallery-item'>\n\t\t\t<dt class='gallery-icon landscape'>\n\t\t\t\t<a href='http:\/\/wiesbaden-blog.net\/?attachment_id=7125'><img loading=\"lazy\" decoding=\"async\" width=\"150\" height=\"150\" src=\"http:\/\/wiesbaden-blog.net\/wp-content\/uploads\/DSC_0091-1-150x150.jpg\" class=\"attachment-thumbnail size-thumbnail\" alt=\"\" aria-describedby=\"gallery-1-7125\" \/><\/a>\n\t\t\t<\/dt>\n\t\t\t\t<dd class='wp-caption-text gallery-caption' id='gallery-1-7125'>\n\t\t\t\tBaustelle an der Wilhelmstra\u00dfe\n\t\t\t\t<\/dd><\/dl><br style=\"clear: both\" \/><dl class='gallery-item'>\n\t\t\t<dt class='gallery-icon landscape'>\n\t\t\t\t<a href='http:\/\/wiesbaden-blog.net\/?attachment_id=7129'><img loading=\"lazy\" decoding=\"async\" width=\"150\" height=\"150\" src=\"http:\/\/wiesbaden-blog.net\/wp-content\/uploads\/DSC_0095-1-150x150.jpg\" class=\"attachment-thumbnail size-thumbnail\" alt=\"Eine Familie Nilg\u00e4nse am Weiher am Warmen Damm\" aria-describedby=\"gallery-1-7129\" \/><\/a>\n\t\t\t<\/dt>\n\t\t\t\t<dd class='wp-caption-text gallery-caption' id='gallery-1-7129'>\n\t\t\t\tMama Gans und ihre K\u00fcken\n\t\t\t\t<\/dd><\/dl><dl class='gallery-item'>\n\t\t\t<dt class='gallery-icon landscape'>\n\t\t\t\t<a href='http:\/\/wiesbaden-blog.net\/?attachment_id=7130'><img loading=\"lazy\" decoding=\"async\" width=\"150\" height=\"150\" src=\"http:\/\/wiesbaden-blog.net\/wp-content\/uploads\/DSC_0096-1-150x150.jpg\" class=\"attachment-thumbnail size-thumbnail\" alt=\"\" aria-describedby=\"gallery-1-7130\" \/><\/a>\n\t\t\t<\/dt>\n\t\t\t\t<dd class='wp-caption-text gallery-caption' id='gallery-1-7130'>\n\t\t\t\tSkulptur im Park am Warmen Damm\n\t\t\t\t<\/dd><\/dl><dl class='gallery-item'>\n\t\t\t<dt class='gallery-icon landscape'>\n\t\t\t\t<a href='http:\/\/wiesbaden-blog.net\/?attachment_id=7131'><img loading=\"lazy\" decoding=\"async\" width=\"150\" height=\"150\" src=\"http:\/\/wiesbaden-blog.net\/wp-content\/uploads\/DSC_0097-1-150x150.jpg\" class=\"attachment-thumbnail size-thumbnail\" alt=\"\" aria-describedby=\"gallery-1-7131\" \/><\/a>\n\t\t\t<\/dt>\n\t\t\t\t<dd class='wp-caption-text gallery-caption' id='gallery-1-7131'>\n\t\t\t\tDas hessische Staatstheater\n\t\t\t\t<\/dd><\/dl><dl class='gallery-item'>\n\t\t\t<dt class='gallery-icon portrait'>\n\t\t\t\t<a href='http:\/\/wiesbaden-blog.net\/?attachment_id=7132'><img loading=\"lazy\" decoding=\"async\" width=\"150\" height=\"150\" src=\"http:\/\/wiesbaden-blog.net\/wp-content\/uploads\/DSC_0098-1-e1491753463437-150x150.jpg\" class=\"attachment-thumbnail size-thumbnail\" alt=\"Hier stand das ehemals das Geb\u00e4ude der Commerzbank\" aria-describedby=\"gallery-1-7132\" \/><\/a>\n\t\t\t<\/dt>\n\t\t\t\t<dd class='wp-caption-text gallery-caption' id='gallery-1-7132'>\n\t\t\t\tNeue Freifl\u00e4che\n\t\t\t\t<\/dd><\/dl><br style=\"clear: both\" \/><dl class='gallery-item'>\n\t\t\t<dt class='gallery-icon landscape'>\n\t\t\t\t<a href='http:\/\/wiesbaden-blog.net\/?attachment_id=7133'><img loading=\"lazy\" decoding=\"async\" width=\"150\" height=\"150\" src=\"http:\/\/wiesbaden-blog.net\/wp-content\/uploads\/DSC_0099-1-150x150.jpg\" class=\"attachment-thumbnail size-thumbnail\" alt=\"Die L\u00fccke im Stadtbild hat schon einige Ausma\u00dfe\" aria-describedby=\"gallery-1-7133\" \/><\/a>\n\t\t\t<\/dt>\n\t\t\t\t<dd class='wp-caption-text gallery-caption' id='gallery-1-7133'>\n\t\t\t\tNeue Freifl\u00e4che\n\t\t\t\t<\/dd><\/dl><dl class='gallery-item'>\n\t\t\t<dt class='gallery-icon portrait'>\n\t\t\t\t<a href='http:\/\/wiesbaden-blog.net\/?attachment_id=7134'><img loading=\"lazy\" decoding=\"async\" width=\"150\" height=\"150\" src=\"http:\/\/wiesbaden-blog.net\/wp-content\/uploads\/DSC_0100-1-e1491753483121-150x150.jpg\" class=\"attachment-thumbnail size-thumbnail\" alt=\"Beeindruckend hohe Kr\u00e4ne werden nun f\u00fcr einige Zeit das Stra\u00dfenbild pr\u00e4gen.\" aria-describedby=\"gallery-1-7134\" \/><\/a>\n\t\t\t<\/dt>\n\t\t\t\t<dd class='wp-caption-text gallery-caption' id='gallery-1-7134'>\n\t\t\t\tNeue Freifl\u00e4che\n\t\t\t\t<\/dd><\/dl><dl class='gallery-item'>\n\t\t\t<dt class='gallery-icon portrait'>\n\t\t\t\t<a href='http:\/\/wiesbaden-blog.net\/?attachment_id=7137'><img loading=\"lazy\" decoding=\"async\" width=\"150\" height=\"150\" src=\"http:\/\/wiesbaden-blog.net\/wp-content\/uploads\/DSC_0103-1-e1491753499336-150x150.jpg\" class=\"attachment-thumbnail size-thumbnail\" alt=\"Von der Wilhelmstra\u00dfe aus hat man nun einen ganz neuen Ausblick auf die Marktkirche\" aria-describedby=\"gallery-1-7137\" \/><\/a>\n\t\t\t<\/dt>\n\t\t\t\t<dd class='wp-caption-text gallery-caption' id='gallery-1-7137'>\n\t\t\t\tNeue Freifl\u00e4che\n\t\t\t\t<\/dd><\/dl><dl class='gallery-item'>\n\t\t\t<dt class='gallery-icon landscape'>\n\t\t\t\t<a href='http:\/\/wiesbaden-blog.net\/?attachment_id=7138'><img loading=\"lazy\" decoding=\"async\" width=\"150\" height=\"150\" src=\"http:\/\/wiesbaden-blog.net\/wp-content\/uploads\/DSC_0104-1-150x150.jpg\" class=\"attachment-thumbnail size-thumbnail\" alt=\"... in strahlendem Sonnenschein\" aria-describedby=\"gallery-1-7138\" \/><\/a>\n\t\t\t<\/dt>\n\t\t\t\t<dd class='wp-caption-text gallery-caption' id='gallery-1-7138'>\n\t\t\t\tDas Kurhaus\n\t\t\t\t<\/dd><\/dl><br style=\"clear: both\" \/><dl class='gallery-item'>\n\t\t\t<dt class='gallery-icon landscape'>\n\t\t\t\t<a href='http:\/\/wiesbaden-blog.net\/?attachment_id=7139'><img loading=\"lazy\" decoding=\"async\" width=\"150\" height=\"150\" src=\"http:\/\/wiesbaden-blog.net\/wp-content\/uploads\/DSC_0105-1-150x150.jpg\" class=\"attachment-thumbnail size-thumbnail\" alt=\"\" aria-describedby=\"gallery-1-7139\" \/><\/a>\n\t\t\t<\/dt>\n\t\t\t\t<dd class='wp-caption-text gallery-caption' id='gallery-1-7139'>\n\t\t\t\tDer Nassauer Hof\n\t\t\t\t<\/dd><\/dl><dl class='gallery-item'>\n\t\t\t<dt class='gallery-icon landscape'>\n\t\t\t\t<a href='http:\/\/wiesbaden-blog.net\/?attachment_id=7140'><img loading=\"lazy\" decoding=\"async\" width=\"150\" height=\"150\" src=\"http:\/\/wiesbaden-blog.net\/wp-content\/uploads\/DSC_0106-1-150x150.jpg\" class=\"attachment-thumbnail size-thumbnail\" alt=\"... vor dem Nassauer Hof\" aria-describedby=\"gallery-1-7140\" \/><\/a>\n\t\t\t<\/dt>\n\t\t\t\t<dd class='wp-caption-text gallery-caption' id='gallery-1-7140'>\n\t\t\t\tKaiser-Friedrich-Denkmal\n\t\t\t\t<\/dd><\/dl><dl class='gallery-item'>\n\t\t\t<dt class='gallery-icon landscape'>\n\t\t\t\t<a href='http:\/\/wiesbaden-blog.net\/?attachment_id=7141'><img loading=\"lazy\" decoding=\"async\" width=\"150\" height=\"150\" src=\"http:\/\/wiesbaden-blog.net\/wp-content\/uploads\/DSC_0107-1-150x150.jpg\" class=\"attachment-thumbnail size-thumbnail\" alt=\"\" aria-describedby=\"gallery-1-7141\" \/><\/a>\n\t\t\t<\/dt>\n\t\t\t\t<dd class='wp-caption-text gallery-caption' id='gallery-1-7141'>\n\t\t\t\tDer Nassauer Hof\n\t\t\t\t<\/dd><\/dl><dl class='gallery-item'>\n\t\t\t<dt class='gallery-icon landscape'>\n\t\t\t\t<a href='http:\/\/wiesbaden-blog.net\/?attachment_id=7142'><img loading=\"lazy\" decoding=\"async\" width=\"150\" height=\"150\" src=\"http:\/\/wiesbaden-blog.net\/wp-content\/uploads\/DSC_0108-1-150x150.jpg\" class=\"attachment-thumbnail size-thumbnail\" alt=\"Bauarbeiten am Kureck\" aria-describedby=\"gallery-1-7142\" \/><\/a>\n\t\t\t<\/dt>\n\t\t\t\t<dd class='wp-caption-text gallery-caption' id='gallery-1-7142'>\n\t\t\t\tBauarbeiten am Kureck\n\t\t\t\t<\/dd><\/dl><br style=\"clear: both\" \/><dl class='gallery-item'>\n\t\t\t<dt class='gallery-icon landscape'>\n\t\t\t\t<a href='http:\/\/wiesbaden-blog.net\/?attachment_id=7143'><img loading=\"lazy\" decoding=\"async\" width=\"150\" height=\"150\" src=\"http:\/\/wiesbaden-blog.net\/wp-content\/uploads\/DSC_0109-1-150x150.jpg\" class=\"attachment-thumbnail size-thumbnail\" alt=\"Bauarbeiten am Kureck\" aria-describedby=\"gallery-1-7143\" \/><\/a>\n\t\t\t<\/dt>\n\t\t\t\t<dd class='wp-caption-text gallery-caption' id='gallery-1-7143'>\n\t\t\t\tBauarbeiten am Kureck\n\t\t\t\t<\/dd><\/dl><dl class='gallery-item'>\n\t\t\t<dt class='gallery-icon landscape'>\n\t\t\t\t<a href='http:\/\/wiesbaden-blog.net\/?attachment_id=7144'><img loading=\"lazy\" decoding=\"async\" width=\"150\" height=\"150\" src=\"http:\/\/wiesbaden-blog.net\/wp-content\/uploads\/DSC_0110-1-150x150.jpg\" class=\"attachment-thumbnail size-thumbnail\" alt=\"Bauarbeiten am Kureck\" aria-describedby=\"gallery-1-7144\" \/><\/a>\n\t\t\t<\/dt>\n\t\t\t\t<dd class='wp-caption-text gallery-caption' id='gallery-1-7144'>\n\t\t\t\tBauarbeiten am Kureck\n\t\t\t\t<\/dd><\/dl><dl class='gallery-item'>\n\t\t\t<dt class='gallery-icon landscape'>\n\t\t\t\t<a href='http:\/\/wiesbaden-blog.net\/?attachment_id=7145'><img loading=\"lazy\" decoding=\"async\" width=\"150\" height=\"150\" src=\"http:\/\/wiesbaden-blog.net\/wp-content\/uploads\/DSC_0111-1-150x150.jpg\" class=\"attachment-thumbnail size-thumbnail\" alt=\"Bauarbeiten am Kureck\" aria-describedby=\"gallery-1-7145\" \/><\/a>\n\t\t\t<\/dt>\n\t\t\t\t<dd class='wp-caption-text gallery-caption' id='gallery-1-7145'>\n\t\t\t\tBauarbeiten am Kureck\n\t\t\t\t<\/dd><\/dl><dl class='gallery-item'>\n\t\t\t<dt class='gallery-icon portrait'>\n\t\t\t\t<a href='http:\/\/wiesbaden-blog.net\/?attachment_id=7146'><img loading=\"lazy\" decoding=\"async\" width=\"150\" height=\"150\" src=\"http:\/\/wiesbaden-blog.net\/wp-content\/uploads\/DSC_0112-1-e1491753519839-150x150.jpg\" class=\"attachment-thumbnail size-thumbnail\" alt=\"Bauarbeiten am Kureck\" aria-describedby=\"gallery-1-7146\" \/><\/a>\n\t\t\t<\/dt>\n\t\t\t\t<dd class='wp-caption-text gallery-caption' id='gallery-1-7146'>\n\t\t\t\tBauarbeiten am Kureck\n\t\t\t\t<\/dd><\/dl><br style=\"clear: both\" \/><dl class='gallery-item'>\n\t\t\t<dt class='gallery-icon landscape'>\n\t\t\t\t<a href='http:\/\/wiesbaden-blog.net\/?attachment_id=7147'><img loading=\"lazy\" decoding=\"async\" width=\"150\" height=\"150\" src=\"http:\/\/wiesbaden-blog.net\/wp-content\/uploads\/DSC_0113-1-150x150.jpg\" class=\"attachment-thumbnail size-thumbnail\" alt=\"Bauarbeiten am Kureck\" aria-describedby=\"gallery-1-7147\" \/><\/a>\n\t\t\t<\/dt>\n\t\t\t\t<dd class='wp-caption-text gallery-caption' id='gallery-1-7147'>\n\t\t\t\tBauarbeiten am Kureck\n\t\t\t\t<\/dd><\/dl><dl class='gallery-item'>\n\t\t\t<dt class='gallery-icon landscape'>\n\t\t\t\t<a href='http:\/\/wiesbaden-blog.net\/?attachment_id=7148'><img loading=\"lazy\" decoding=\"async\" width=\"150\" height=\"150\" src=\"http:\/\/wiesbaden-blog.net\/wp-content\/uploads\/DSC_0114-1-150x150.jpg\" class=\"attachment-thumbnail size-thumbnail\" alt=\"Bauarbeiten am Kureck\" aria-describedby=\"gallery-1-7148\" \/><\/a>\n\t\t\t<\/dt>\n\t\t\t\t<dd class='wp-caption-text gallery-caption' id='gallery-1-7148'>\n\t\t\t\tBauarbeiten am Kureck\n\t\t\t\t<\/dd><\/dl><dl class='gallery-item'>\n\t\t\t<dt class='gallery-icon landscape'>\n\t\t\t\t<a href='http:\/\/wiesbaden-blog.net\/?attachment_id=7149'><img loading=\"lazy\" decoding=\"async\" width=\"150\" height=\"150\" src=\"http:\/\/wiesbaden-blog.net\/wp-content\/uploads\/DSC_0115-1-150x150.jpg\" class=\"attachment-thumbnail size-thumbnail\" alt=\"Eine zuvor durch das R+V-Geb\u00e4ude verdeckte Villa\" aria-describedby=\"gallery-1-7149\" \/><\/a>\n\t\t\t<\/dt>\n\t\t\t\t<dd class='wp-caption-text gallery-caption' id='gallery-1-7149'>\n\t\t\t\tNeuer Ausblick\n\t\t\t\t<\/dd><\/dl><dl class='gallery-item'>\n\t\t\t<dt class='gallery-icon portrait'>\n\t\t\t\t<a href='http:\/\/wiesbaden-blog.net\/?attachment_id=7150'><img loading=\"lazy\" decoding=\"async\" width=\"150\" height=\"150\" src=\"http:\/\/wiesbaden-blog.net\/wp-content\/uploads\/DSC_0116-1-e1491753538288-150x150.jpg\" class=\"attachment-thumbnail size-thumbnail\" alt=\"Bauarbeiten am Kureck\" aria-describedby=\"gallery-1-7150\" \/><\/a>\n\t\t\t<\/dt>\n\t\t\t\t<dd class='wp-caption-text gallery-caption' id='gallery-1-7150'>\n\t\t\t\tBauarbeiten am Kureck\n\t\t\t\t<\/dd><\/dl><br style=\"clear: both\" \/><dl class='gallery-item'>\n\t\t\t<dt class='gallery-icon landscape'>\n\t\t\t\t<a href='http:\/\/wiesbaden-blog.net\/?attachment_id=7151'><img loading=\"lazy\" decoding=\"async\" width=\"150\" height=\"150\" src=\"http:\/\/wiesbaden-blog.net\/wp-content\/uploads\/DSC_0117-1-150x150.jpg\" class=\"attachment-thumbnail size-thumbnail\" alt=\"Bauarbeiten am Kureck\" aria-describedby=\"gallery-1-7151\" \/><\/a>\n\t\t\t<\/dt>\n\t\t\t\t<dd class='wp-caption-text gallery-caption' id='gallery-1-7151'>\n\t\t\t\tBauarbeiten am Kureck\n\t\t\t\t<\/dd><\/dl><dl class='gallery-item'>\n\t\t\t<dt class='gallery-icon landscape'>\n\t\t\t\t<a href='http:\/\/wiesbaden-blog.net\/?attachment_id=7152'><img loading=\"lazy\" decoding=\"async\" width=\"150\" height=\"150\" src=\"http:\/\/wiesbaden-blog.net\/wp-content\/uploads\/DSC_0118-1-150x150.jpg\" class=\"attachment-thumbnail size-thumbnail\" alt=\"Bauarbeiten am Kureck\" aria-describedby=\"gallery-1-7152\" \/><\/a>\n\t\t\t<\/dt>\n\t\t\t\t<dd class='wp-caption-text gallery-caption' id='gallery-1-7152'>\n\t\t\t\tBauarbeiten am Kureck\n\t\t\t\t<\/dd><\/dl><dl class='gallery-item'>\n\t\t\t<dt class='gallery-icon landscape'>\n\t\t\t\t<a href='http:\/\/wiesbaden-blog.net\/?attachment_id=7153'><img loading=\"lazy\" decoding=\"async\" width=\"150\" height=\"150\" src=\"http:\/\/wiesbaden-blog.net\/wp-content\/uploads\/DSC_0119-1-150x150.jpg\" class=\"attachment-thumbnail size-thumbnail\" alt=\"Bauarbeiten am Kureck\" aria-describedby=\"gallery-1-7153\" \/><\/a>\n\t\t\t<\/dt>\n\t\t\t\t<dd class='wp-caption-text gallery-caption' id='gallery-1-7153'>\n\t\t\t\tBauarbeiten am Kureck\n\t\t\t\t<\/dd><\/dl><dl class='gallery-item'>\n\t\t\t<dt class='gallery-icon portrait'>\n\t\t\t\t<a href='http:\/\/wiesbaden-blog.net\/?attachment_id=7154'><img loading=\"lazy\" decoding=\"async\" width=\"150\" height=\"150\" src=\"http:\/\/wiesbaden-blog.net\/wp-content\/uploads\/DSC_0120-1-e1491753559720-150x150.jpg\" class=\"attachment-thumbnail size-thumbnail\" alt=\"... ehemals Hotel Rose\" aria-describedby=\"gallery-1-7154\" \/><\/a>\n\t\t\t<\/dt>\n\t\t\t\t<dd class='wp-caption-text gallery-caption' id='gallery-1-7154'>\n\t\t\t\tDie Fassade der heutigen Staatskanzlei\n\t\t\t\t<\/dd><\/dl><br style=\"clear: both\" \/><dl class='gallery-item'>\n\t\t\t<dt class='gallery-icon portrait'>\n\t\t\t\t<a href='http:\/\/wiesbaden-blog.net\/?attachment_id=7155'><img loading=\"lazy\" decoding=\"async\" width=\"150\" height=\"150\" src=\"http:\/\/wiesbaden-blog.net\/wp-content\/uploads\/DSC_0121-1-e1491753579455-150x150.jpg\" class=\"attachment-thumbnail size-thumbnail\" alt=\"... ehemals Hotel Rose\" aria-describedby=\"gallery-1-7155\" \/><\/a>\n\t\t\t<\/dt>\n\t\t\t\t<dd class='wp-caption-text gallery-caption' id='gallery-1-7155'>\n\t\t\t\tDie Fassade der heutigen Staatskanzlei\n\t\t\t\t<\/dd><\/dl><dl class='gallery-item'>\n\t\t\t<dt class='gallery-icon landscape'>\n\t\t\t\t<a href='http:\/\/wiesbaden-blog.net\/?attachment_id=7156'><img loading=\"lazy\" decoding=\"async\" width=\"150\" height=\"150\" src=\"http:\/\/wiesbaden-blog.net\/wp-content\/uploads\/DSC_0122-1-150x150.jpg\" class=\"attachment-thumbnail size-thumbnail\" alt=\"Der L\u00f6we am Kochbrunnenplatz\" aria-describedby=\"gallery-1-7156\" \/><\/a>\n\t\t\t<\/dt>\n\t\t\t\t<dd class='wp-caption-text gallery-caption' id='gallery-1-7156'>\n\t\t\t\tDer L\u00f6we am Kochbrunnenplatz\n\t\t\t\t<\/dd><\/dl><dl class='gallery-item'>\n\t\t\t<dt class='gallery-icon portrait'>\n\t\t\t\t<a href='http:\/\/wiesbaden-blog.net\/?attachment_id=7158'><img loading=\"lazy\" decoding=\"async\" width=\"150\" height=\"150\" src=\"http:\/\/wiesbaden-blog.net\/wp-content\/uploads\/DSC_0124-1-e1491753610469-150x150.jpg\" class=\"attachment-thumbnail size-thumbnail\" alt=\"Font\u00e4nen in der Langgasse\" aria-describedby=\"gallery-1-7158\" \/><\/a>\n\t\t\t<\/dt>\n\t\t\t\t<dd class='wp-caption-text gallery-caption' id='gallery-1-7158'>\n\t\t\t\tFont\u00e4nen in der Langgasse\n\t\t\t\t<\/dd><\/dl><dl class='gallery-item'>\n\t\t\t<dt class='gallery-icon landscape'>\n\t\t\t\t<a href='http:\/\/wiesbaden-blog.net\/?attachment_id=7159'><img loading=\"lazy\" decoding=\"async\" width=\"150\" height=\"150\" src=\"http:\/\/wiesbaden-blog.net\/wp-content\/uploads\/DSC_0125-1-150x150.jpg\" class=\"attachment-thumbnail size-thumbnail\" alt=\"... in der Langgasse\" aria-describedby=\"gallery-1-7159\" \/><\/a>\n\t\t\t<\/dt>\n\t\t\t\t<dd class='wp-caption-text gallery-caption' id='gallery-1-7159'>\n\t\t\t\tFassade\n\t\t\t\t<\/dd><\/dl><br style=\"clear: both\" \/>\n\t\t<\/div>\n\n<div class=\"twoclick_social_bookmarks_post_7106 social_share_privacy clearfix 1.6.4 locale-de_DE sprite-de_DE\"><\/div><div class=\"twoclick-js\"><script type=\"text\/javascript\">\/* <![CDATA[ *\/\njQuery(document).ready(function($){if($('.twoclick_social_bookmarks_post_7106')){$('.twoclick_social_bookmarks_post_7106').socialSharePrivacy({\"services\":{\"facebook\":{\"status\":\"on\",\"txt_info\":\"2 Klicks f\\u00fcr mehr Datenschutz: Erst wenn Sie hier klicken, wird der Button aktiv und Sie k\\u00f6nnen Ihre Empfehlung an Facebook senden. Schon beim Aktivieren werden Daten an Dritte \\u00fcbertragen - siehe <em>i<\\\/em>.\",\"perma_option\":\"off\",\"action\":\"recommend\",\"language\":\"de_DE\"},\"twitter\":{\"reply_to\":\"\",\"tweet_text\":\"Fr%C3%BChlingserwachen%20und%20Gro%C3%9Fbaustelle%20an%20der%20Wilhelmstra%C3%9Fe%20%C2%BB%20Wiesbaden-Blog\",\"status\":\"on\",\"txt_info\":\"2 Klicks f\\u00fcr mehr Datenschutz: Erst wenn Sie hier klicken, wird der Button aktiv und Sie k\\u00f6nnen Ihre Empfehlung an Twitter senden. Schon beim Aktivieren werden Daten an Dritte \\u00fcbertragen - siehe <em>i<\\\/em>.\",\"perma_option\":\"off\",\"language\":\"de\",\"referrer_track\":\"\"},\"gplus\":{\"status\":\"on\",\"txt_info\":\"2 Klicks f\\u00fcr mehr Datenschutz: Erst wenn Sie hier klicken, wird der Button aktiv und Sie k\\u00f6nnen Ihre Empfehlung an Google+ senden. Schon beim Aktivieren werden Daten an Dritte \\u00fcbertragen - siehe <em>i<\\\/em>.\",\"perma_option\":\"off\",\"referrer_track\":\"\"}},\"txt_help\":\"Wenn Sie diese Felder durch einen Klick aktivieren, werden Informationen an Facebook, Twitter, Flattr, Xing, t3n, LinkedIn, Pinterest oder Google eventuell ins Ausland \\u00fcbertragen und unter Umst\\u00e4nden auch dort gespeichert. N\\u00e4heres erfahren Sie durch einen Klick auf das <em>i<\\\/em>.\",\"settings_perma\":\"Dauerhaft aktivieren und Daten\\u00fcber-tragung zustimmen:\",\"info_link\":\"http:\\\/\\\/www.heise.de\\\/ct\\\/artikel\\\/2-Klicks-fuer-mehr-Datenschutz-1333879.html\",\"uri\":\"http:\\\/\\\/wiesbaden-blog.net\\\/?p=7106\",\"post_id\":7106,\"post_title_referrer_track\":\"Fr%C3%BChlingserwachen+und+Gro%C3%9Fbaustelle+an+der+Wilhelmstra%C3%9Fe\",\"display_infobox\":\"on\"});}});\n\/* ]]> *\/<\/script><\/div>","protected":false},"excerpt":{"rendered":"<p>Es ist Fr\u00fchling und da sich an der Wilhelmstra\u00dfe zur Zeit einiges tut, wollte ich endlich mal wieder eine Tour mit meiner Kamera machen. So wird gerade, ganz aktuell eine neue Fernw\u00e4rmeleitung verlegt. Das macht aus der Wilhelmstra\u00dfe eine gro\u00dfe &hellip; <a href=\"http:\/\/wiesbaden-blog.net\/?p=7106\">Weiterlesen <span class=\"meta-nav\">&rarr;<\/span><\/a><\/p>\n","protected":false},"author":1,"featured_media":7142,"comment_status":"open","ping_status":"open","sticky":false,"template":"","format":"standard","meta":{"footnotes":""},"categories":[4],"tags":[],"class_list":["post-7106","post","type-post","status-publish","format-standard","has-post-thumbnail","hentry","category-unterwegs-in-wiesbaden"],"_links":{"self":[{"href":"http:\/\/wiesbaden-blog.net\/index.php?rest_route=\/wp\/v2\/posts\/7106"}],"collection":[{"href":"http:\/\/wiesbaden-blog.net\/index.php?rest_route=\/wp\/v2\/posts"}],"about":[{"href":"http:\/\/wiesbaden-blog.net\/index.php?rest_route=\/wp\/v2\/types\/post"}],"author":[{"embeddable":true,"href":"http:\/\/wiesbaden-blog.net\/index.php?rest_route=\/wp\/v2\/users\/1"}],"replies":[{"embeddable":true,"href":"http:\/\/wiesbaden-blog.net\/index.php?rest_route=%2Fwp%2Fv2%2Fcomments&post=7106"}],"version-history":[{"count":7,"href":"http:\/\/wiesbaden-blog.net\/index.php?rest_route=\/wp\/v2\/posts\/7106\/revisions"}],"predecessor-version":[{"id":7165,"href":"http:\/\/wiesbaden-blog.net\/index.php?rest_route=\/wp\/v2\/posts\/7106\/revisions\/7165"}],"wp:featuredmedia":[{"embeddable":true,"href":"http:\/\/wiesbaden-blog.net\/index.php?rest_route=\/wp\/v2\/media\/7142"}],"wp:attachment":[{"href":"http:\/\/wiesbaden-blog.net\/index.php?rest_route=%2Fwp%2Fv2%2Fmedia&parent=7106"}],"wp:term":[{"taxonomy":"category","embeddable":true,"href":"http:\/\/wiesbaden-blog.net\/index.php?rest_route=%2Fwp%2Fv2%2Fcategories&post=7106"},{"taxonomy":"post_tag","embeddable":true,"href":"http:\/\/wiesbaden-blog.net\/index.php?rest_route=%2Fwp%2Fv2%2Ftags&post=7106"}],"curies":[{"name":"wp","href":"https:\/\/api.w.org\/{rel}","templated":true}]}}