{"id":4273,"date":"2012-04-09T15:02:09","date_gmt":"2012-04-09T15:02:09","guid":{"rendered":"http:\/\/wiesbaden-blog.net\/?p=4273"},"modified":"2013-12-08T15:02:26","modified_gmt":"2013-12-08T15:02:26","slug":"waldspaziergang-am-ostermontag","status":"publish","type":"post","link":"http:\/\/wiesbaden-blog.net\/?p=4273","title":{"rendered":"Waldspaziergang am Ostermontag"},"content":{"rendered":"<p>Ja, noch immer verweile ich bei meinen Eltern im Saarland. Das Wetter ist leider schlechter geworden, doch irgendwie zog es mich heute dennoch nach drau\u00dfen. Die Natur ist schlie\u00dflich nicht nur bei Sonnenschein sch\u00f6n und frische Luft tut immer gut.<\/p>\n<p>Also ging es auch heute vom Wirtshaus &#8222;Zum Bl\u00fctenthal&#8220; die Stra\u00dfe &#8222;Zum Schleiderweg&#8220; hinauf und aus dem Dorf hinaus. Bei Nieselregen und leichtem Nebel ging es an dem kleinen Aussichtspunkt mit der Bank vorbei und weiter Richtung Wald. Dort wechselte ich auf den Weg, der wirklich direkt an den B\u00e4umen entlang f\u00fchrt. So war ich zumindest einwenig vor dem schlechten Wetter gesch\u00fctzt.<\/p>\n<p>Ich folgte dem Pfad bis er in den Wald hineinf\u00fchrte. Einige Hundert Meter wagte ich mich hier noch vor. Doch alleine, bei dem Wetter und der daraus resultierenden Dunkelheit wollte ich nicht all zu lange zwischen den Hohen B\u00e4umen verharren. Als dann direkt vor mir noch Rehe aus dem Geb\u00fcsch schreckten entschied ich mich den R\u00fcckweg anzutreten. Der Wald ist an so einem Tag eben doch dunkel und unheimlich! \ud83d\ude42<\/p>\n<p>Zur\u00fcck ging es dann aber nicht auf dem Hinweg. Stattdessen nahm ich die etwas parallel verlaufende Route, die etwas n\u00f6rdlicher \u00fcber einen Schotterpfad wieder hinunter ins Dorf f\u00fchrt.<\/p>\n<p>Hier die genaue Karte:<\/p>\n<p>[map style=&#8220;width: auto; height:400px; margin:20px 0px 20px 0px; border: 1px solid black;&#8220; gpx=&#8220;http:\/\/wiesbaden-blog.net\/wp-content\/uploads\/CardioTrainer_2012-04-09T12_50_39Z.gpx&#8220;]<\/p>\n<p>Fotos gibt es heute auch wieder! \ud83d\ude42<\/p>\n\n\t\t<style type=\"text\/css\">\n\t\t\t#gallery-1 {\n\t\t\t\tmargin: auto;\n\t\t\t}\n\t\t\t#gallery-1 .gallery-item {\n\t\t\t\tfloat: left;\n\t\t\t\tmargin-top: 10px;\n\t\t\t\ttext-align: center;\n\t\t\t\twidth: 25%;\n\t\t\t}\n\t\t\t#gallery-1 img {\n\t\t\t\tborder: 2px solid #cfcfcf;\n\t\t\t}\n\t\t\t#gallery-1 .gallery-caption {\n\t\t\t\tmargin-left: 0;\n\t\t\t}\n\t\t\t\/* see gallery_shortcode() in wp-includes\/media.php *\/\n\t\t<\/style>\n\t\t<div id='gallery-1' class='gallery galleryid-4273 gallery-columns-4 gallery-size-thumbnail'><dl class='gallery-item'>\n\t\t\t<dt class='gallery-icon landscape'>\n\t\t\t\t<a href='http:\/\/wiesbaden-blog.net\/?attachment_id=4274'><img loading=\"lazy\" decoding=\"async\" width=\"150\" height=\"150\" src=\"http:\/\/wiesbaden-blog.net\/wp-content\/uploads\/DSCF1243-150x150.jpg\" class=\"attachment-thumbnail size-thumbnail\" alt=\"Leichter Nebel \u00fcber dem Tal\" aria-describedby=\"gallery-1-4274\" \/><\/a>\n\t\t\t<\/dt>\n\t\t\t\t<dd class='wp-caption-text gallery-caption' id='gallery-1-4274'>\n\t\t\t\tLeichter Nebel \u00fcber dem Tal\n\t\t\t\t<\/dd><\/dl><dl class='gallery-item'>\n\t\t\t<dt class='gallery-icon landscape'>\n\t\t\t\t<a href='http:\/\/wiesbaden-blog.net\/?attachment_id=4275'><img loading=\"lazy\" decoding=\"async\" width=\"150\" height=\"150\" src=\"http:\/\/wiesbaden-blog.net\/wp-content\/uploads\/DSCF1244-150x150.jpg\" class=\"attachment-thumbnail size-thumbnail\" alt=\"Leichter Nebel \u00fcber dem Dorf\" aria-describedby=\"gallery-1-4275\" \/><\/a>\n\t\t\t<\/dt>\n\t\t\t\t<dd class='wp-caption-text gallery-caption' id='gallery-1-4275'>\n\t\t\t\tLeichter Nebel \u00fcber dem Dorf\n\t\t\t\t<\/dd><\/dl><dl class='gallery-item'>\n\t\t\t<dt class='gallery-icon landscape'>\n\t\t\t\t<a href='http:\/\/wiesbaden-blog.net\/?attachment_id=4276'><img loading=\"lazy\" decoding=\"async\" width=\"150\" height=\"150\" src=\"http:\/\/wiesbaden-blog.net\/wp-content\/uploads\/DSCF1245-150x150.jpg\" class=\"attachment-thumbnail size-thumbnail\" alt=\"Waldrand im Panorama\" aria-describedby=\"gallery-1-4276\" \/><\/a>\n\t\t\t<\/dt>\n\t\t\t\t<dd class='wp-caption-text gallery-caption' id='gallery-1-4276'>\n\t\t\t\tWaldrand im Panorama\n\t\t\t\t<\/dd><\/dl><dl class='gallery-item'>\n\t\t\t<dt class='gallery-icon landscape'>\n\t\t\t\t<a href='http:\/\/wiesbaden-blog.net\/?attachment_id=4277'><img loading=\"lazy\" decoding=\"async\" width=\"150\" height=\"150\" src=\"http:\/\/wiesbaden-blog.net\/wp-content\/uploads\/DSCF1246-150x150.jpg\" class=\"attachment-thumbnail size-thumbnail\" alt=\"Panorama des Waldes, den ich ansteuerte\" aria-describedby=\"gallery-1-4277\" \/><\/a>\n\t\t\t<\/dt>\n\t\t\t\t<dd class='wp-caption-text gallery-caption' id='gallery-1-4277'>\n\t\t\t\tPanorama des Waldes, den ich ansteuerte\n\t\t\t\t<\/dd><\/dl><br style=\"clear: both\" \/><dl class='gallery-item'>\n\t\t\t<dt class='gallery-icon landscape'>\n\t\t\t\t<a href='http:\/\/wiesbaden-blog.net\/?attachment_id=4278'><img loading=\"lazy\" decoding=\"async\" width=\"150\" height=\"150\" src=\"http:\/\/wiesbaden-blog.net\/wp-content\/uploads\/DSCF1247-150x150.jpg\" class=\"attachment-thumbnail size-thumbnail\" alt=\"Blick vom &quot;alten Schleiderweg&quot; auf Merchingen\" aria-describedby=\"gallery-1-4278\" \/><\/a>\n\t\t\t<\/dt>\n\t\t\t\t<dd class='wp-caption-text gallery-caption' id='gallery-1-4278'>\n\t\t\t\tBlick vom &#8222;alten Schleiderweg&#8220; auf Merchingen\n\t\t\t\t<\/dd><\/dl><dl class='gallery-item'>\n\t\t\t<dt class='gallery-icon landscape'>\n\t\t\t\t<a href='http:\/\/wiesbaden-blog.net\/?attachment_id=4279'><img loading=\"lazy\" decoding=\"async\" width=\"150\" height=\"150\" src=\"http:\/\/wiesbaden-blog.net\/wp-content\/uploads\/DSCF1248-150x150.jpg\" class=\"attachment-thumbnail size-thumbnail\" alt=\"Auf dem R\u00fcckweg: Blick von der Parallelstrecke\" aria-describedby=\"gallery-1-4279\" \/><\/a>\n\t\t\t<\/dt>\n\t\t\t\t<dd class='wp-caption-text gallery-caption' id='gallery-1-4279'>\n\t\t\t\tAuf dem R\u00fcckweg: Blick von der Parallelstrecke\n\t\t\t\t<\/dd><\/dl>\n\t\t\t<br style='clear: both' \/>\n\t\t<\/div>\n\n<div class=\"twoclick_social_bookmarks_post_4273 social_share_privacy clearfix 1.6.4 locale-de_DE sprite-de_DE\"><\/div><div class=\"twoclick-js\"><script type=\"text\/javascript\">\/* <![CDATA[ *\/\njQuery(document).ready(function($){if($('.twoclick_social_bookmarks_post_4273')){$('.twoclick_social_bookmarks_post_4273').socialSharePrivacy({\"services\":{\"facebook\":{\"status\":\"on\",\"txt_info\":\"2 Klicks f\\u00fcr mehr Datenschutz: Erst wenn Sie hier klicken, wird der Button aktiv und Sie k\\u00f6nnen Ihre Empfehlung an Facebook senden. Schon beim Aktivieren werden Daten an Dritte \\u00fcbertragen - siehe <em>i<\\\/em>.\",\"perma_option\":\"off\",\"action\":\"recommend\",\"language\":\"de_DE\"},\"twitter\":{\"reply_to\":\"\",\"tweet_text\":\"%20Waldspaziergang%20am%20Ostermontag%20%C2%BB%20Wiesbaden-Blog%20%23Felder%20%23Merchingen%20%23Nebel%20...\",\"status\":\"on\",\"txt_info\":\"2 Klicks f\\u00fcr mehr Datenschutz: Erst wenn Sie hier klicken, wird der Button aktiv und Sie k\\u00f6nnen Ihre Empfehlung an Twitter senden. Schon beim Aktivieren werden Daten an Dritte \\u00fcbertragen - siehe <em>i<\\\/em>.\",\"perma_option\":\"off\",\"language\":\"de\",\"referrer_track\":\"\"},\"gplus\":{\"status\":\"on\",\"txt_info\":\"2 Klicks f\\u00fcr mehr Datenschutz: Erst wenn Sie hier klicken, wird der Button aktiv und Sie k\\u00f6nnen Ihre Empfehlung an Google+ senden. Schon beim Aktivieren werden Daten an Dritte \\u00fcbertragen - siehe <em>i<\\\/em>.\",\"perma_option\":\"off\",\"referrer_track\":\"\"}},\"txt_help\":\"Wenn Sie diese Felder durch einen Klick aktivieren, werden Informationen an Facebook, Twitter, Flattr, Xing, t3n, LinkedIn, Pinterest oder Google eventuell ins Ausland \\u00fcbertragen und unter Umst\\u00e4nden auch dort gespeichert. N\\u00e4heres erfahren Sie durch einen Klick auf das <em>i<\\\/em>.\",\"settings_perma\":\"Dauerhaft aktivieren und Daten\\u00fcber-tragung zustimmen:\",\"info_link\":\"http:\\\/\\\/www.heise.de\\\/ct\\\/artikel\\\/2-Klicks-fuer-mehr-Datenschutz-1333879.html\",\"uri\":\"http:\\\/\\\/wiesbaden-blog.net\\\/?p=4273\",\"post_id\":4273,\"post_title_referrer_track\":\"Waldspaziergang+am+Ostermontag\",\"display_infobox\":\"on\"});}});\n\/* ]]> *\/<\/script><\/div>","protected":false},"excerpt":{"rendered":"<p>Ja, noch immer verweile ich bei meinen Eltern im Saarland. Das Wetter ist leider schlechter geworden, doch irgendwie zog es mich heute dennoch nach drau\u00dfen. Die Natur ist schlie\u00dflich nicht nur bei Sonnenschein sch\u00f6n und frische Luft tut immer gut. &hellip; <a href=\"http:\/\/wiesbaden-blog.net\/?p=4273\">Weiterlesen <span class=\"meta-nav\">&rarr;<\/span><\/a><\/p>\n","protected":false},"author":1,"featured_media":4277,"comment_status":"open","ping_status":"open","sticky":false,"template":"","format":"standard","meta":{"footnotes":""},"categories":[78],"tags":[144,79,272,101,51,161],"class_list":["post-4273","post","type-post","status-publish","format-standard","has-post-thumbnail","hentry","category-unterwegs-im-saarland","tag-felder","tag-merchingen","tag-nebel","tag-saarland","tag-wald","tag-wiesen"],"_links":{"self":[{"href":"http:\/\/wiesbaden-blog.net\/index.php?rest_route=\/wp\/v2\/posts\/4273"}],"collection":[{"href":"http:\/\/wiesbaden-blog.net\/index.php?rest_route=\/wp\/v2\/posts"}],"about":[{"href":"http:\/\/wiesbaden-blog.net\/index.php?rest_route=\/wp\/v2\/types\/post"}],"author":[{"embeddable":true,"href":"http:\/\/wiesbaden-blog.net\/index.php?rest_route=\/wp\/v2\/users\/1"}],"replies":[{"embeddable":true,"href":"http:\/\/wiesbaden-blog.net\/index.php?rest_route=%2Fwp%2Fv2%2Fcomments&post=4273"}],"version-history":[{"count":5,"href":"http:\/\/wiesbaden-blog.net\/index.php?rest_route=\/wp\/v2\/posts\/4273\/revisions"}],"predecessor-version":[{"id":4284,"href":"http:\/\/wiesbaden-blog.net\/index.php?rest_route=\/wp\/v2\/posts\/4273\/revisions\/4284"}],"wp:featuredmedia":[{"embeddable":true,"href":"http:\/\/wiesbaden-blog.net\/index.php?rest_route=\/wp\/v2\/media\/4277"}],"wp:attachment":[{"href":"http:\/\/wiesbaden-blog.net\/index.php?rest_route=%2Fwp%2Fv2%2Fmedia&parent=4273"}],"wp:term":[{"taxonomy":"category","embeddable":true,"href":"http:\/\/wiesbaden-blog.net\/index.php?rest_route=%2Fwp%2Fv2%2Fcategories&post=4273"},{"taxonomy":"post_tag","embeddable":true,"href":"http:\/\/wiesbaden-blog.net\/index.php?rest_route=%2Fwp%2Fv2%2Ftags&post=4273"}],"curies":[{"name":"wp","href":"https:\/\/api.w.org\/{rel}","templated":true}]}}