{"id":371,"date":"2012-05-05T15:25:32","date_gmt":"2012-05-05T15:25:32","guid":{"rendered":"http:\/\/wiesbaden-blog.net\/?p=371"},"modified":"2012-05-05T15:27:03","modified_gmt":"2012-05-05T15:27:03","slug":"tag-der-offenen-tur-auf-dem-jagdschloss-platte","status":"publish","type":"post","link":"http:\/\/wiesbaden-blog.net\/?p=371","title":{"rendered":"Tag der offenen T\u00fcr auf dem Jagdschloss Platte"},"content":{"rendered":"<p>Am Sonntag dem 6. Mai 2012, finden im Jagdschloss Platte zwischen 12 und 16 Uhr ein Tag der offenen T\u00fcr statt. Gleichzeitig werden in dieser Zeit historische Rundg\u00e4nge durch einen Wiesbadener G\u00e4stef\u00fchrer angeboten.<\/p>\n<p>N\u00e4heres zum Tag der offenen T\u00fcr im Jagdschloss Platte findet ihr hier:<\/p>\n<p><a href=\"http:\/\/www.wiesbaden.de\/tourismus\/kongresse-tagungen\/jagdschloss-platte\/tag-der-offenen-tuer.php\">http:\/\/www.wiesbaden.de\/tourismus\/kongresse-tagungen\/jagdschloss-platte\/tag-der-offenen-tuer.php<\/a><\/p>\n<div class=\"twoclick_social_bookmarks_post_371 social_share_privacy clearfix 1.6.4 locale-de_DE sprite-de_DE\"><\/div><div class=\"twoclick-js\"><script type=\"text\/javascript\">\/* <![CDATA[ *\/\njQuery(document).ready(function($){if($('.twoclick_social_bookmarks_post_371')){$('.twoclick_social_bookmarks_post_371').socialSharePrivacy({\"services\":{\"facebook\":{\"status\":\"on\",\"txt_info\":\"2 Klicks f\\u00fcr mehr Datenschutz: Erst wenn Sie hier klicken, wird der Button aktiv und Sie k\\u00f6nnen Ihre Empfehlung an Facebook senden. Schon beim Aktivieren werden Daten an Dritte \\u00fcbertragen - siehe <em>i<\\\/em>.\",\"perma_option\":\"off\",\"action\":\"recommend\",\"language\":\"de_DE\"},\"twitter\":{\"reply_to\":\"\",\"tweet_text\":\"%20Tag%20der%20offenen%20T%C3%BCr%20auf%20dem%20Jagdschloss%20Platte%20%C2%BB%20Wiesbaden-Blog%20%23Jagdschloss%20...\",\"status\":\"on\",\"txt_info\":\"2 Klicks f\\u00fcr mehr Datenschutz: Erst wenn Sie hier klicken, wird der Button aktiv und Sie k\\u00f6nnen Ihre Empfehlung an Twitter senden. Schon beim Aktivieren werden Daten an Dritte \\u00fcbertragen - siehe <em>i<\\\/em>.\",\"perma_option\":\"off\",\"language\":\"de\",\"referrer_track\":\"\"},\"gplus\":{\"status\":\"on\",\"txt_info\":\"2 Klicks f\\u00fcr mehr Datenschutz: Erst wenn Sie hier klicken, wird der Button aktiv und Sie k\\u00f6nnen Ihre Empfehlung an Google+ senden. Schon beim Aktivieren werden Daten an Dritte \\u00fcbertragen - siehe <em>i<\\\/em>.\",\"perma_option\":\"off\",\"referrer_track\":\"\"}},\"txt_help\":\"Wenn Sie diese Felder durch einen Klick aktivieren, werden Informationen an Facebook, Twitter, Flattr, Xing, t3n, LinkedIn, Pinterest oder Google eventuell ins Ausland \\u00fcbertragen und unter Umst\\u00e4nden auch dort gespeichert. N\\u00e4heres erfahren Sie durch einen Klick auf das <em>i<\\\/em>.\",\"settings_perma\":\"Dauerhaft aktivieren und Daten\\u00fcber-tragung zustimmen:\",\"info_link\":\"http:\\\/\\\/www.heise.de\\\/ct\\\/artikel\\\/2-Klicks-fuer-mehr-Datenschutz-1333879.html\",\"uri\":\"http:\\\/\\\/wiesbaden-blog.net\\\/?p=371\",\"post_id\":371,\"post_title_referrer_track\":\"Tag+der+offenen+T%C3%BCr+auf+dem+Jagdschloss+Platte\",\"display_infobox\":\"on\"});}});\n\/* ]]> *\/<\/script><\/div>","protected":false},"excerpt":{"rendered":"<p>Am Sonntag dem 6. Mai 2012, finden im Jagdschloss Platte zwischen 12 und 16 Uhr ein Tag der offenen T\u00fcr statt. Gleichzeitig werden in dieser Zeit historische Rundg\u00e4nge durch einen Wiesbadener G\u00e4stef\u00fchrer angeboten. N\u00e4heres zum Tag der offenen T\u00fcr im &hellip; <a href=\"http:\/\/wiesbaden-blog.net\/?p=371\">Weiterlesen <span class=\"meta-nav\">&rarr;<\/span><\/a><\/p>\n","protected":false},"author":1,"featured_media":352,"comment_status":"open","ping_status":"open","sticky":false,"template":"","format":"standard","meta":{"footnotes":""},"categories":[6],"tags":[44,45,8],"class_list":["post-371","post","type-post","status-publish","format-standard","has-post-thumbnail","hentry","category-veranstaltungen","tag-jagdschloss-platte","tag-tag-der-offenen-tur","tag-wiesbaden"],"_links":{"self":[{"href":"http:\/\/wiesbaden-blog.net\/index.php?rest_route=\/wp\/v2\/posts\/371"}],"collection":[{"href":"http:\/\/wiesbaden-blog.net\/index.php?rest_route=\/wp\/v2\/posts"}],"about":[{"href":"http:\/\/wiesbaden-blog.net\/index.php?rest_route=\/wp\/v2\/types\/post"}],"author":[{"embeddable":true,"href":"http:\/\/wiesbaden-blog.net\/index.php?rest_route=\/wp\/v2\/users\/1"}],"replies":[{"embeddable":true,"href":"http:\/\/wiesbaden-blog.net\/index.php?rest_route=%2Fwp%2Fv2%2Fcomments&post=371"}],"version-history":[{"count":4,"href":"http:\/\/wiesbaden-blog.net\/index.php?rest_route=\/wp\/v2\/posts\/371\/revisions"}],"predecessor-version":[{"id":375,"href":"http:\/\/wiesbaden-blog.net\/index.php?rest_route=\/wp\/v2\/posts\/371\/revisions\/375"}],"wp:featuredmedia":[{"embeddable":true,"href":"http:\/\/wiesbaden-blog.net\/index.php?rest_route=\/wp\/v2\/media\/352"}],"wp:attachment":[{"href":"http:\/\/wiesbaden-blog.net\/index.php?rest_route=%2Fwp%2Fv2%2Fmedia&parent=371"}],"wp:term":[{"taxonomy":"category","embeddable":true,"href":"http:\/\/wiesbaden-blog.net\/index.php?rest_route=%2Fwp%2Fv2%2Fcategories&post=371"},{"taxonomy":"post_tag","embeddable":true,"href":"http:\/\/wiesbaden-blog.net\/index.php?rest_route=%2Fwp%2Fv2%2Ftags&post=371"}],"curies":[{"name":"wp","href":"https:\/\/api.w.org\/{rel}","templated":true}]}}