{"id":2439,"date":"2012-03-11T20:55:05","date_gmt":"2012-03-11T20:55:05","guid":{"rendered":"http:\/\/wiesbaden-blog.net\/?p=2439"},"modified":"2012-12-01T19:13:56","modified_gmt":"2012-12-01T19:13:56","slug":"merchinger-rundgang","status":"publish","type":"post","link":"http:\/\/wiesbaden-blog.net\/?p=2439","title":{"rendered":"Merchinger Rundgang"},"content":{"rendered":"<p>Nach meinen Problemen mit dem Akku gestern, bin ich heute noch einmal losgezogen. Irgendwie muss es ja m\u00f6glich sein die komplette Strecke genauer zu erfassen.<br \/>\nLosgezogen bin ich wieder im Dorf selbst, vor dem Wirtshaus &#8222;Zum Bl\u00fctenthal&#8220;. Von dort aus ging es \u00fcber den Weg &#8222;Zum Schleiderweg&#8220; aus dem kleinen Ort hinaus. Es sind nur wenige Meter bis man auch die letzten H\u00e4user und einen, etwas au\u00dferhalb stehenden, Bauernhof hinter sich gelassen hat. F\u00fcr eine Weile hat man von hier oben noch einen guten Blick auf das Dorf. Danach kommt man sich auf der Strecke aber vor wie am Ende der Welt. Keine H\u00e4user, kein Zeichen von Zivilisation. Nur W\u00e4lder, Wiesen und Felder.<\/p>\n<p>An einem dr\u00fcben Tag wie heute schweben allerdings gespenstige rote Lichter in der Ferne. Sie geh\u00f6ren zu modernen Windkraftanlagen, die vor einigen Jahre nahe der L346\/Honzrather Stra\u00dfe errichtet wurden. Auf dem ersten Streckenabschnitt sind nur ihre Positionslicher \u00fcber einem H\u00fcgel zu erkennen. Erst sp\u00e4ter sind ist die komplette Anlage zu sehen.<\/p>\n<p>Nach nicht ganz der H\u00e4lfte der Strecke hat man einen recht erh\u00f6hten Punkt \u00fcber dem Dorf erreicht. Von hier sind in der Ferne etliche H\u00fcgel und T\u00e4ler zu erahnen.<br \/>\nEinige hundert Meter weiter f\u00fchrte mich der Weg dann an einer Landmarkierung vorbei, die mich und viele andere als Kinder immer fasziniert hat. Ein einzelner Baum steht zwischen den Feldern. Viele aus der Gegend kennen ihn und f\u00fcr jeden hat er einen anderen Namen. Einige nennen in den &#8222;Pilzbaum&#8220;, weil seine Form daran erinnert. F\u00fcr mich war es immer der &#8222;Zauberbaum&#8220;, auch wenn ich mich nicht erinnern kann, welche Geschichte hinter dieser Bezeichnung stand.<\/p>\n<p>F\u00fcr mich macht sich an diesem Punkt der Strecke immer ein Gef\u00fchl von Freiheit breit. Umgeben von der Einsamkeit, mit dem Wissen das um mich herum D\u00f6rfer liegen in denen die Zeit manchmal scheinbar seit Jahrzehnten still steht und doch auch mit dem Blick auf die modernen Windr\u00e4nder prallen an diesem Ort f\u00fcr mich immer Gegenwart und Vergangenheit aufeinander. Es ist der Punkt an dem ich die Macht \u00fcber mein Leben, \u00fcber meine Vergangenheit und meine Zukunft habe. Und was ich hier drau\u00dfen empfinde kann mir niemand nehmen.<\/p>\n<p>Leider ist dann nach etwa 6,5 km aber auch schon wieder alles vorbei. Der Rundgang f\u00fchrt dann zur\u00fcck ins Dorf und \u00fcber die Stra\u00dfen &#8222;Zum Rosengarten&#8220; und &#8222;Langgarten&#8220; auch wieder zur\u00fcck zum Wirtshaus &#8222;Zum Bl\u00fctenthal&#8220;.<\/p>\n<p>Da es schwierig ist die Strecke genauer zu beschreiben, weil es dort oben weder Stra\u00dfennamen noch spezielle Landmarken gibt hier wie \u00fcblich die Karte.<\/p>\n<p><iframe loading=\"lazy\" src=\"https:\/\/maps.google.de\/maps?f=d&amp;source=s_d&amp;saddr=Zum+Schleiderweg&amp;daddr=49.453149,6.702057+to:49.4450389,6.6994488+to:Langgarten&amp;geocode=FR1q8gIdRPBlAA%3BFV2Y8gId6UNmACnXz-GgWQqVRzGgBtH9Vtxbbw%3BFa548gIduDlmACmHYQiYRAqVRzGzUy2woXIuYA%3BFSNr8gIdyfBlAA&amp;aq=&amp;sll=49.444105,6.69488&amp;sspn=0.013896,0.038581&amp;t=h&amp;hl=de&amp;dirflg=w&amp;mra=dme&amp;mrsp=3&amp;sz=15&amp;via=1,2&amp;ie=UTF8&amp;ll=49.44564,6.694708&amp;spn=0.019532,0.053644&amp;z=14&amp;output=embed\" frameborder=\"0\" marginwidth=\"0\" marginheight=\"0\" scrolling=\"no\" width=\"625\" height=\"350\"><\/iframe><br \/>\n<a style=\"color: #0000ff; text-align: left; font-size: 9px;\" href=\"https:\/\/maps.google.de\/maps?f=d&amp;source=embed&amp;saddr=Zum+Schleiderweg&amp;daddr=49.453149,6.702057+to:49.4450389,6.6994488+to:Langgarten&amp;geocode=FR1q8gIdRPBlAA%3BFV2Y8gId6UNmACnXz-GgWQqVRzGgBtH9Vtxbbw%3BFa548gIduDlmACmHYQiYRAqVRzGzUy2woXIuYA%3BFSNr8gIdyfBlAA&amp;aq=&amp;sll=49.444105,6.69488&amp;sspn=0.013896,0.038581&amp;t=h&amp;hl=de&amp;dirflg=w&amp;mra=dme&amp;mrsp=3&amp;sz=15&amp;via=1,2&amp;ie=UTF8&amp;ll=49.44564,6.694708&amp;spn=0.019532,0.053644&amp;z=14\">Gr\u00f6\u00dfere Kartenansicht<\/a><\/p>\n<p>Und hier die Fotos von meinem Spaziergang:<br \/>\n\n\t\t<style type=\"text\/css\">\n\t\t\t#gallery-1 {\n\t\t\t\tmargin: auto;\n\t\t\t}\n\t\t\t#gallery-1 .gallery-item {\n\t\t\t\tfloat: left;\n\t\t\t\tmargin-top: 10px;\n\t\t\t\ttext-align: center;\n\t\t\t\twidth: 25%;\n\t\t\t}\n\t\t\t#gallery-1 img {\n\t\t\t\tborder: 2px solid #cfcfcf;\n\t\t\t}\n\t\t\t#gallery-1 .gallery-caption {\n\t\t\t\tmargin-left: 0;\n\t\t\t}\n\t\t\t\/* see gallery_shortcode() in wp-includes\/media.php *\/\n\t\t<\/style>\n\t\t<div id='gallery-1' class='gallery galleryid-2439 gallery-columns-4 gallery-size-thumbnail'><dl class='gallery-item'>\n\t\t\t<dt class='gallery-icon landscape'>\n\t\t\t\t<a href='http:\/\/wiesbaden-blog.net\/?attachment_id=2446'><img loading=\"lazy\" decoding=\"async\" width=\"150\" height=\"150\" src=\"http:\/\/wiesbaden-blog.net\/wp-content\/uploads\/IMAG1631-150x150.jpg\" class=\"attachment-thumbnail size-thumbnail\" alt=\"\" \/><\/a>\n\t\t\t<\/dt><\/dl><dl class='gallery-item'>\n\t\t\t<dt class='gallery-icon landscape'>\n\t\t\t\t<a href='http:\/\/wiesbaden-blog.net\/?attachment_id=2445'><img loading=\"lazy\" decoding=\"async\" width=\"150\" height=\"150\" src=\"http:\/\/wiesbaden-blog.net\/wp-content\/uploads\/IMAG1630-150x150.jpg\" class=\"attachment-thumbnail size-thumbnail\" alt=\"\" \/><\/a>\n\t\t\t<\/dt><\/dl><dl class='gallery-item'>\n\t\t\t<dt class='gallery-icon landscape'>\n\t\t\t\t<a href='http:\/\/wiesbaden-blog.net\/?attachment_id=2444'><img loading=\"lazy\" decoding=\"async\" width=\"150\" height=\"150\" src=\"http:\/\/wiesbaden-blog.net\/wp-content\/uploads\/IMAG1629-150x150.jpg\" class=\"attachment-thumbnail size-thumbnail\" alt=\"\" \/><\/a>\n\t\t\t<\/dt><\/dl><dl class='gallery-item'>\n\t\t\t<dt class='gallery-icon landscape'>\n\t\t\t\t<a href='http:\/\/wiesbaden-blog.net\/?attachment_id=2443'><img loading=\"lazy\" decoding=\"async\" width=\"150\" height=\"150\" src=\"http:\/\/wiesbaden-blog.net\/wp-content\/uploads\/IMAG1628-150x150.jpg\" class=\"attachment-thumbnail size-thumbnail\" alt=\"\" \/><\/a>\n\t\t\t<\/dt><\/dl><br style=\"clear: both\" \/><dl class='gallery-item'>\n\t\t\t<dt class='gallery-icon landscape'>\n\t\t\t\t<a href='http:\/\/wiesbaden-blog.net\/?attachment_id=2442'><img loading=\"lazy\" decoding=\"async\" width=\"150\" height=\"150\" src=\"http:\/\/wiesbaden-blog.net\/wp-content\/uploads\/IMAG1627-150x150.jpg\" class=\"attachment-thumbnail size-thumbnail\" alt=\"\" \/><\/a>\n\t\t\t<\/dt><\/dl><dl class='gallery-item'>\n\t\t\t<dt class='gallery-icon landscape'>\n\t\t\t\t<a href='http:\/\/wiesbaden-blog.net\/?attachment_id=2441'><img loading=\"lazy\" decoding=\"async\" width=\"150\" height=\"150\" src=\"http:\/\/wiesbaden-blog.net\/wp-content\/uploads\/IMAG1626-150x150.jpg\" class=\"attachment-thumbnail size-thumbnail\" alt=\"\" \/><\/a>\n\t\t\t<\/dt><\/dl><dl class='gallery-item'>\n\t\t\t<dt class='gallery-icon landscape'>\n\t\t\t\t<a href='http:\/\/wiesbaden-blog.net\/?attachment_id=2440'><img loading=\"lazy\" decoding=\"async\" width=\"150\" height=\"150\" src=\"http:\/\/wiesbaden-blog.net\/wp-content\/uploads\/IMAG1625-150x150.jpg\" class=\"attachment-thumbnail size-thumbnail\" alt=\"\" \/><\/a>\n\t\t\t<\/dt><\/dl>\n\t\t\t<br style='clear: both' \/>\n\t\t<\/div>\n<\/p>\n<div class=\"twoclick_social_bookmarks_post_2439 social_share_privacy clearfix 1.6.4 locale-de_DE sprite-de_DE\"><\/div><div class=\"twoclick-js\"><script type=\"text\/javascript\">\/* <![CDATA[ *\/\njQuery(document).ready(function($){if($('.twoclick_social_bookmarks_post_2439')){$('.twoclick_social_bookmarks_post_2439').socialSharePrivacy({\"services\":{\"facebook\":{\"status\":\"on\",\"txt_info\":\"2 Klicks f\\u00fcr mehr Datenschutz: Erst wenn Sie hier klicken, wird der Button aktiv und Sie k\\u00f6nnen Ihre Empfehlung an Facebook senden. Schon beim Aktivieren werden Daten an Dritte \\u00fcbertragen - siehe <em>i<\\\/em>.\",\"perma_option\":\"off\",\"action\":\"recommend\",\"language\":\"de_DE\"},\"twitter\":{\"reply_to\":\"\",\"tweet_text\":\"Merchinger%20Rundgang%20%C2%BB%20Wiesbaden-Blog%20%23Felder%20%23Merchingen%20%23Wiesen%20%23Windkraftanlagen\",\"status\":\"on\",\"txt_info\":\"2 Klicks f\\u00fcr mehr Datenschutz: Erst wenn Sie hier klicken, wird der Button aktiv und Sie k\\u00f6nnen Ihre Empfehlung an Twitter senden. Schon beim Aktivieren werden Daten an Dritte \\u00fcbertragen - siehe <em>i<\\\/em>.\",\"perma_option\":\"off\",\"language\":\"de\",\"referrer_track\":\"\"},\"gplus\":{\"status\":\"on\",\"txt_info\":\"2 Klicks f\\u00fcr mehr Datenschutz: Erst wenn Sie hier klicken, wird der Button aktiv und Sie k\\u00f6nnen Ihre Empfehlung an Google+ senden. Schon beim Aktivieren werden Daten an Dritte \\u00fcbertragen - siehe <em>i<\\\/em>.\",\"perma_option\":\"off\",\"referrer_track\":\"\"}},\"txt_help\":\"Wenn Sie diese Felder durch einen Klick aktivieren, werden Informationen an Facebook, Twitter, Flattr, Xing, t3n, LinkedIn, Pinterest oder Google eventuell ins Ausland \\u00fcbertragen und unter Umst\\u00e4nden auch dort gespeichert. N\\u00e4heres erfahren Sie durch einen Klick auf das <em>i<\\\/em>.\",\"settings_perma\":\"Dauerhaft aktivieren und Daten\\u00fcber-tragung zustimmen:\",\"info_link\":\"http:\\\/\\\/www.heise.de\\\/ct\\\/artikel\\\/2-Klicks-fuer-mehr-Datenschutz-1333879.html\",\"uri\":\"http:\\\/\\\/wiesbaden-blog.net\\\/?p=2439\",\"post_id\":2439,\"post_title_referrer_track\":\"Merchinger+Rundgang\",\"display_infobox\":\"on\"});}});\n\/* ]]> *\/<\/script><\/div>","protected":false},"excerpt":{"rendered":"<p>Nach meinen Problemen mit dem Akku gestern, bin ich heute noch einmal losgezogen. Irgendwie muss es ja m\u00f6glich sein die komplette Strecke genauer zu erfassen. Losgezogen bin ich wieder im Dorf selbst, vor dem Wirtshaus &#8222;Zum Bl\u00fctenthal&#8220;. Von dort aus &hellip; <a href=\"http:\/\/wiesbaden-blog.net\/?p=2439\">Weiterlesen <span class=\"meta-nav\">&rarr;<\/span><\/a><\/p>\n","protected":false},"author":1,"featured_media":2442,"comment_status":"open","ping_status":"open","sticky":false,"template":"","format":"standard","meta":{"footnotes":""},"categories":[78],"tags":[144,79,161,208],"class_list":["post-2439","post","type-post","status-publish","format-standard","has-post-thumbnail","hentry","category-unterwegs-im-saarland","tag-felder","tag-merchingen","tag-wiesen","tag-windkraftanlagen"],"_links":{"self":[{"href":"http:\/\/wiesbaden-blog.net\/index.php?rest_route=\/wp\/v2\/posts\/2439"}],"collection":[{"href":"http:\/\/wiesbaden-blog.net\/index.php?rest_route=\/wp\/v2\/posts"}],"about":[{"href":"http:\/\/wiesbaden-blog.net\/index.php?rest_route=\/wp\/v2\/types\/post"}],"author":[{"embeddable":true,"href":"http:\/\/wiesbaden-blog.net\/index.php?rest_route=\/wp\/v2\/users\/1"}],"replies":[{"embeddable":true,"href":"http:\/\/wiesbaden-blog.net\/index.php?rest_route=%2Fwp%2Fv2%2Fcomments&post=2439"}],"version-history":[{"count":24,"href":"http:\/\/wiesbaden-blog.net\/index.php?rest_route=\/wp\/v2\/posts\/2439\/revisions"}],"predecessor-version":[{"id":2498,"href":"http:\/\/wiesbaden-blog.net\/index.php?rest_route=\/wp\/v2\/posts\/2439\/revisions\/2498"}],"wp:featuredmedia":[{"embeddable":true,"href":"http:\/\/wiesbaden-blog.net\/index.php?rest_route=\/wp\/v2\/media\/2442"}],"wp:attachment":[{"href":"http:\/\/wiesbaden-blog.net\/index.php?rest_route=%2Fwp%2Fv2%2Fmedia&parent=2439"}],"wp:term":[{"taxonomy":"category","embeddable":true,"href":"http:\/\/wiesbaden-blog.net\/index.php?rest_route=%2Fwp%2Fv2%2Fcategories&post=2439"},{"taxonomy":"post_tag","embeddable":true,"href":"http:\/\/wiesbaden-blog.net\/index.php?rest_route=%2Fwp%2Fv2%2Ftags&post=2439"}],"curies":[{"name":"wp","href":"https:\/\/api.w.org\/{rel}","templated":true}]}}