{"id":1997,"date":"2012-08-11T17:59:50","date_gmt":"2012-08-11T17:59:50","guid":{"rendered":"http:\/\/wiesbaden-blog.net\/?p=1997"},"modified":"2013-06-01T10:59:48","modified_gmt":"2013-06-01T10:59:48","slug":"rheingauer-weinwoche","status":"publish","type":"post","link":"http:\/\/wiesbaden-blog.net\/?p=1997","title":{"rendered":"Rheingauer Weinwoche!"},"content":{"rendered":"<p>Seit gestern bis einschlie\u00dflich 19. August tobt \u00fcbrigens die Rheingauer Weinwoche in Wiesbaden. Wer n\u00e4heres hierzu erfahren m\u00f6chte kann sich auf der <a title=\"Stadt Wiesbaden\" href=\"http:\/\/www.wiesbaden.de\/leben-in-wiesbaden\/freizeit\/feste-maerkte\/feste\/rheingauer-weinwoche.php\">Webseite der Stadt Wiesbaden<\/a> den Programmplan herunterladen.<\/p>\n<p>Viel Spa\u00df bei einem Besuch in Wiesbaden! \ud83d\ude00<\/p>\n<div class=\"twoclick_social_bookmarks_post_1997 social_share_privacy clearfix 1.6.4 locale-de_DE sprite-de_DE\"><\/div><div class=\"twoclick-js\"><script type=\"text\/javascript\">\/* <![CDATA[ *\/\njQuery(document).ready(function($){if($('.twoclick_social_bookmarks_post_1997')){$('.twoclick_social_bookmarks_post_1997').socialSharePrivacy({\"services\":{\"facebook\":{\"status\":\"on\",\"txt_info\":\"2 Klicks f\\u00fcr mehr Datenschutz: Erst wenn Sie hier klicken, wird der Button aktiv und Sie k\\u00f6nnen Ihre Empfehlung an Facebook senden. Schon beim Aktivieren werden Daten an Dritte \\u00fcbertragen - siehe <em>i<\\\/em>.\",\"perma_option\":\"off\",\"action\":\"recommend\",\"language\":\"de_DE\"},\"twitter\":{\"reply_to\":\"\",\"tweet_text\":\"%20Rheingauer%20Weinwoche%21%20%C2%BB%20Wiesbaden-Blog%20%23Dern%5C%27sches%20Gel%C3%A4nde%20%23Marktplatz%20...\",\"status\":\"on\",\"txt_info\":\"2 Klicks f\\u00fcr mehr Datenschutz: Erst wenn Sie hier klicken, wird der Button aktiv und Sie k\\u00f6nnen Ihre Empfehlung an Twitter senden. Schon beim Aktivieren werden Daten an Dritte \\u00fcbertragen - siehe <em>i<\\\/em>.\",\"perma_option\":\"off\",\"language\":\"de\",\"referrer_track\":\"\"},\"gplus\":{\"status\":\"on\",\"txt_info\":\"2 Klicks f\\u00fcr mehr Datenschutz: Erst wenn Sie hier klicken, wird der Button aktiv und Sie k\\u00f6nnen Ihre Empfehlung an Google+ senden. Schon beim Aktivieren werden Daten an Dritte \\u00fcbertragen - siehe <em>i<\\\/em>.\",\"perma_option\":\"off\",\"referrer_track\":\"\"}},\"txt_help\":\"Wenn Sie diese Felder durch einen Klick aktivieren, werden Informationen an Facebook, Twitter, Flattr, Xing, t3n, LinkedIn, Pinterest oder Google eventuell ins Ausland \\u00fcbertragen und unter Umst\\u00e4nden auch dort gespeichert. N\\u00e4heres erfahren Sie durch einen Klick auf das <em>i<\\\/em>.\",\"settings_perma\":\"Dauerhaft aktivieren und Daten\\u00fcber-tragung zustimmen:\",\"info_link\":\"http:\\\/\\\/www.heise.de\\\/ct\\\/artikel\\\/2-Klicks-fuer-mehr-Datenschutz-1333879.html\",\"uri\":\"http:\\\/\\\/wiesbaden-blog.net\\\/?p=1997\",\"post_id\":1997,\"post_title_referrer_track\":\"Rheingauer+Weinwoche%21\",\"display_infobox\":\"on\"});}});\n\/* ]]> *\/<\/script><\/div>","protected":false},"excerpt":{"rendered":"<p>Seit gestern bis einschlie\u00dflich 19. August tobt \u00fcbrigens die Rheingauer Weinwoche in Wiesbaden. Wer n\u00e4heres hierzu erfahren m\u00f6chte kann sich auf der Webseite der Stadt Wiesbaden den Programmplan herunterladen. Viel Spa\u00df bei einem Besuch in Wiesbaden! \ud83d\ude00<\/p>\n","protected":false},"author":1,"featured_media":0,"comment_status":"open","ping_status":"open","sticky":false,"template":"","format":"standard","meta":{"footnotes":""},"categories":[6],"tags":[100,54,229],"class_list":["post-1997","post","type-post","status-publish","format-standard","hentry","category-veranstaltungen","tag-dernsches-gelande","tag-marktplatz","tag-rheingauer-weinwoche"],"_links":{"self":[{"href":"http:\/\/wiesbaden-blog.net\/index.php?rest_route=\/wp\/v2\/posts\/1997"}],"collection":[{"href":"http:\/\/wiesbaden-blog.net\/index.php?rest_route=\/wp\/v2\/posts"}],"about":[{"href":"http:\/\/wiesbaden-blog.net\/index.php?rest_route=\/wp\/v2\/types\/post"}],"author":[{"embeddable":true,"href":"http:\/\/wiesbaden-blog.net\/index.php?rest_route=\/wp\/v2\/users\/1"}],"replies":[{"embeddable":true,"href":"http:\/\/wiesbaden-blog.net\/index.php?rest_route=%2Fwp%2Fv2%2Fcomments&post=1997"}],"version-history":[{"count":5,"href":"http:\/\/wiesbaden-blog.net\/index.php?rest_route=\/wp\/v2\/posts\/1997\/revisions"}],"predecessor-version":[{"id":2004,"href":"http:\/\/wiesbaden-blog.net\/index.php?rest_route=\/wp\/v2\/posts\/1997\/revisions\/2004"}],"wp:attachment":[{"href":"http:\/\/wiesbaden-blog.net\/index.php?rest_route=%2Fwp%2Fv2%2Fmedia&parent=1997"}],"wp:term":[{"taxonomy":"category","embeddable":true,"href":"http:\/\/wiesbaden-blog.net\/index.php?rest_route=%2Fwp%2Fv2%2Fcategories&post=1997"},{"taxonomy":"post_tag","embeddable":true,"href":"http:\/\/wiesbaden-blog.net\/index.php?rest_route=%2Fwp%2Fv2%2Ftags&post=1997"}],"curies":[{"name":"wp","href":"https:\/\/api.w.org\/{rel}","templated":true}]}}