{"id":144,"date":"2012-04-28T18:44:28","date_gmt":"2012-04-28T18:44:28","guid":{"rendered":"http:\/\/wiesbaden-blog.net\/?p=144"},"modified":"2014-05-04T09:18:52","modified_gmt":"2014-05-04T09:18:52","slug":"der-alte-wartturm-und-eine-uberraschung","status":"publish","type":"post","link":"http:\/\/wiesbaden-blog.net\/?p=144","title":{"rendered":"Der alte Wartturm und \u00fcberraschende Aussichten"},"content":{"rendered":"<p>Heute wollte ich endlich mal zu einer Sehensw\u00fcrdigkeit an der ich eigentlich t\u00e4glich vorbei fahre und die DAS Wahrzeichen des Ortes Bierstadt darstellt (es ist fast schon peinlich, das ich vorher nie dort war): Die Bierstadter Warte. Der alte Wartturm\u00a0 hoch oben auf dem H\u00fcgel wurde 1473 errichtet um die Gegend um Mainz herum im Auge zu behalten. Zu erreichen ist er ganz einfach wenn man von Bierstadt her kommt, der Bierstadter Stra\u00dfe in Richtung Innenstadt folgt und dann die Abzweigung Wartestra\u00dfe hinaufgeht. Er ist dann nicht zu verfehlen. Heute steht der Turm umgeben von Kastanienb\u00e4umen in mitten eines kleinen Parks. Im Mittelalter h\u00e4tte man der B\u00e4ume wegen vermutlich das Grauen bekommen. Wie soll man denn da bis nach Mainz sehen? \ud83d\ude09<\/p>\n<p>Ich habe mich also die steile Wartestra\u00dfe raufgequ\u00e4lt und dachte schon fast f\u00fcr so einen kleinen alten Turm ist das ja fast nicht die M\u00fche wert. Aber ich habe mich v\u00f6llig get\u00e4uscht, denn ich musste feststellen das dort oben noch eine \u00dcberraschung auf mich wartete. Schon von dem kleinen Park aus ahnte ich es schon, die Aussicht nach Wiesbaden ist von dort oben wundersch\u00f6n. Doch erst als ich den kleinen Park mit dem Turm durchquert hatte und noch ein kleines St\u00fcck die Felder entlang gegangen war sah ich das eigentlich Panorama.<\/p>\n<p>Die Aussicht von dort oben ist \u00fcberw\u00e4ltigend!! Selbst vom Neroberg hat man keinen solchen Blick auf die Stra\u00dfen und H\u00e4userschluchten, weil alles von Bierstadt aus noch viel n\u00e4her ist. Es ist einfach wundersch\u00f6n. Ich f\u00fcrchte, selbst die Panoramafotos werden dem Blick von hier oben kaum gerecht.<\/p>\n<p>Die weitere Wegstrecke f\u00fchrte mich eher verworren an einigen Kleing\u00e4rten vorbei bis zur\u00fcck auf die Bierstadter Stra\u00dfe, von hier bin ich dann weiter bis in die Innenstadt gelaufen.<\/p>\n<p>Hier mal die Strecken-Ansicht:<\/p>\n<p><iframe loading=\"lazy\" src=\"http:\/\/maps.google.de\/maps?f=d&amp;source=s_d&amp;saddr=Privatstra%C3%9Fe,+Wiesbaden&amp;daddr=50.08455,8.26808+to:50.08233,8.26855+to:50.080759,8.267906+to:50.078323,8.2675131+to:50.079665,8.2623801+to:50.0803514,8.2608101+to:50.08257,8.2585+to:50.0822356,8.2481798+to:Dernsches+Gel%C3%A4nde,+Marktplatz,+Wiesbaden&amp;geocode=Feo5_AIdjFZ-ACl9B8mGr729RzHoWHfRZoPydw%3BFcY6_AIdMCl-ACknVq7hub29RzEw1_8OUEMiEw%3BFRoy_AIdBit-ACnRp_-Yub29RzGA6v8OUEMiEw%3BFfcr_AIdgih-ACk1Uc4Uub29RzGauG9mniClgA%3BFXMi_AId-SZ-ACl3ikLJvr29RzEYrQan3EkQJA%3BFbEn_AId7BJ-ACnReMNbv729RzF5SFUfN8XEyw%3BFV8q_AIdygx-ACm9DMAwx729RzG3FRPjOiZ10A%3BFQoz_AIdxAN-ACnZe1_sxr29RzEQ8_8OUEMiEw%3BFbsx_AIdc9t9ACm3LhpA2729RzGQAQAPUEMiEw%3BFdcs_AIdScZ9ACGsi1_OppMwLg&amp;aq=0&amp;oq=Dern&amp;sll=50.082136,8.253136&amp;sspn=0.006912,0.01929&amp;t=h&amp;hl=de&amp;dirflg=w&amp;mra=dpe&amp;mrsp=8&amp;sz=16&amp;via=1,2,3,4,5,6,7,8&amp;ie=UTF8&amp;ll=50.081214,8.263693&amp;spn=0.009639,0.026822&amp;z=15&amp;output=embed\" width=\"625\" height=\"350\" frameborder=\"0\" marginwidth=\"0\" marginheight=\"0\" scrolling=\"no\"><\/iframe><br \/>\n<a style=\"color: #0000ff; text-align: left; font-size: 9px;\" href=\"http:\/\/maps.google.de\/maps?f=d&amp;source=embed&amp;saddr=Privatstra%C3%9Fe,+Wiesbaden&amp;daddr=50.08455,8.26808+to:50.08233,8.26855+to:50.080759,8.267906+to:50.078323,8.2675131+to:50.079665,8.2623801+to:50.0803514,8.2608101+to:50.08257,8.2585+to:50.0822356,8.2481798+to:Dernsches+Gel%C3%A4nde,+Marktplatz,+Wiesbaden&amp;geocode=Feo5_AIdjFZ-ACl9B8mGr729RzHoWHfRZoPydw%3BFcY6_AIdMCl-ACknVq7hub29RzEw1_8OUEMiEw%3BFRoy_AIdBit-ACnRp_-Yub29RzGA6v8OUEMiEw%3BFfcr_AIdgih-ACk1Uc4Uub29RzGauG9mniClgA%3BFXMi_AId-SZ-ACl3ikLJvr29RzEYrQan3EkQJA%3BFbEn_AId7BJ-ACnReMNbv729RzF5SFUfN8XEyw%3BFV8q_AIdygx-ACm9DMAwx729RzG3FRPjOiZ10A%3BFQoz_AIdxAN-ACnZe1_sxr29RzEQ8_8OUEMiEw%3BFbsx_AIdc9t9ACm3LhpA2729RzGQAQAPUEMiEw%3BFdcs_AIdScZ9ACGsi1_OppMwLg&amp;aq=0&amp;oq=Dern&amp;sll=50.082136,8.253136&amp;sspn=0.006912,0.01929&amp;t=h&amp;hl=de&amp;dirflg=w&amp;mra=dpe&amp;mrsp=8&amp;sz=16&amp;via=1,2,3,4,5,6,7,8&amp;ie=UTF8&amp;ll=50.081214,8.263693&amp;spn=0.009639,0.026822&amp;z=15\">Gr\u00f6\u00dfere Kartenansicht<\/a><\/p>\n\n\t\t<style type=\"text\/css\">\n\t\t\t#gallery-1 {\n\t\t\t\tmargin: auto;\n\t\t\t}\n\t\t\t#gallery-1 .gallery-item {\n\t\t\t\tfloat: left;\n\t\t\t\tmargin-top: 10px;\n\t\t\t\ttext-align: center;\n\t\t\t\twidth: 25%;\n\t\t\t}\n\t\t\t#gallery-1 img {\n\t\t\t\tborder: 2px solid #cfcfcf;\n\t\t\t}\n\t\t\t#gallery-1 .gallery-caption {\n\t\t\t\tmargin-left: 0;\n\t\t\t}\n\t\t\t\/* see gallery_shortcode() in wp-includes\/media.php *\/\n\t\t<\/style>\n\t\t<div id='gallery-1' class='gallery galleryid-144 gallery-columns-4 gallery-size-thumbnail'><dl class='gallery-item'>\n\t\t\t<dt class='gallery-icon landscape'>\n\t\t\t\t<a href='http:\/\/wiesbaden-blog.net\/?attachment_id=181'><img loading=\"lazy\" decoding=\"async\" width=\"150\" height=\"150\" src=\"http:\/\/wiesbaden-blog.net\/wp-content\/uploads\/DSCF1343-150x150.jpg\" class=\"attachment-thumbnail size-thumbnail\" alt=\"Blick auf den Weiher im Park &quot;Am warmen Damm&quot;\" aria-describedby=\"gallery-1-181\" \/><\/a>\n\t\t\t<\/dt>\n\t\t\t\t<dd class='wp-caption-text gallery-caption' id='gallery-1-181'>\n\t\t\t\tBlick auf den Weiher im Park &#8222;Am warmen Damm&#8220;\n\t\t\t\t<\/dd><\/dl><dl class='gallery-item'>\n\t\t\t<dt class='gallery-icon landscape'>\n\t\t\t\t<a href='http:\/\/wiesbaden-blog.net\/?attachment_id=180'><img loading=\"lazy\" decoding=\"async\" width=\"150\" height=\"150\" src=\"http:\/\/wiesbaden-blog.net\/wp-content\/uploads\/DSCF1342-150x150.jpg\" class=\"attachment-thumbnail size-thumbnail\" alt=\"Bl\u00fctenpracht im Park &quot;Am warmen Damm&quot;\" aria-describedby=\"gallery-1-180\" \/><\/a>\n\t\t\t<\/dt>\n\t\t\t\t<dd class='wp-caption-text gallery-caption' id='gallery-1-180'>\n\t\t\t\tBl\u00fctenpracht im Park &#8222;Am warmen Damm&#8220;\n\t\t\t\t<\/dd><\/dl><dl class='gallery-item'>\n\t\t\t<dt class='gallery-icon landscape'>\n\t\t\t\t<a href='http:\/\/wiesbaden-blog.net\/?attachment_id=179'><img loading=\"lazy\" decoding=\"async\" width=\"150\" height=\"150\" src=\"http:\/\/wiesbaden-blog.net\/wp-content\/uploads\/DSCF1341-150x150.jpg\" class=\"attachment-thumbnail size-thumbnail\" alt=\"Enten im Park &quot;Am warmen Damm&quot;\" aria-describedby=\"gallery-1-179\" \/><\/a>\n\t\t\t<\/dt>\n\t\t\t\t<dd class='wp-caption-text gallery-caption' id='gallery-1-179'>\n\t\t\t\tNilg\u00e4nse im Park &#8222;Am warmen Damm&#8220;\n\t\t\t\t<\/dd><\/dl><dl class='gallery-item'>\n\t\t\t<dt class='gallery-icon landscape'>\n\t\t\t\t<a href='http:\/\/wiesbaden-blog.net\/?attachment_id=178'><img loading=\"lazy\" decoding=\"async\" width=\"150\" height=\"150\" src=\"http:\/\/wiesbaden-blog.net\/wp-content\/uploads\/DSCF1340-150x150.jpg\" class=\"attachment-thumbnail size-thumbnail\" alt=\"Park &quot;Am warmen Damm&quot;\" aria-describedby=\"gallery-1-178\" \/><\/a>\n\t\t\t<\/dt>\n\t\t\t\t<dd class='wp-caption-text gallery-caption' id='gallery-1-178'>\n\t\t\t\tPark &#8222;Am warmen Damm&#8220;\n\t\t\t\t<\/dd><\/dl><br style=\"clear: both\" \/><dl class='gallery-item'>\n\t\t\t<dt class='gallery-icon landscape'>\n\t\t\t\t<a href='http:\/\/wiesbaden-blog.net\/?attachment_id=177'><img loading=\"lazy\" decoding=\"async\" width=\"150\" height=\"150\" src=\"http:\/\/wiesbaden-blog.net\/wp-content\/uploads\/DSCF1339-150x150.jpg\" class=\"attachment-thumbnail size-thumbnail\" alt=\"Font\u00e4ne im Park am warmen Damm\" aria-describedby=\"gallery-1-177\" \/><\/a>\n\t\t\t<\/dt>\n\t\t\t\t<dd class='wp-caption-text gallery-caption' id='gallery-1-177'>\n\t\t\t\tFont\u00e4ne im Park am warmen Damm\n\t\t\t\t<\/dd><\/dl><dl class='gallery-item'>\n\t\t\t<dt class='gallery-icon portrait'>\n\t\t\t\t<a href='http:\/\/wiesbaden-blog.net\/?attachment_id=207'><img loading=\"lazy\" decoding=\"async\" width=\"150\" height=\"150\" src=\"http:\/\/wiesbaden-blog.net\/wp-content\/uploads\/DSCF13381-150x150.jpg\" class=\"attachment-thumbnail size-thumbnail\" alt=\"Font\u00e4ne im Park am warmen Damm\" aria-describedby=\"gallery-1-207\" \/><\/a>\n\t\t\t<\/dt>\n\t\t\t\t<dd class='wp-caption-text gallery-caption' id='gallery-1-207'>\n\t\t\t\tFont\u00e4ne im Park am warmen Damm\n\t\t\t\t<\/dd><\/dl><dl class='gallery-item'>\n\t\t\t<dt class='gallery-icon portrait'>\n\t\t\t\t<a href='http:\/\/wiesbaden-blog.net\/?attachment_id=206'><img loading=\"lazy\" decoding=\"async\" width=\"150\" height=\"150\" src=\"http:\/\/wiesbaden-blog.net\/wp-content\/uploads\/DSCF13371-150x150.jpg\" class=\"attachment-thumbnail size-thumbnail\" alt=\"Steubenstra\u00dfe\" aria-describedby=\"gallery-1-206\" \/><\/a>\n\t\t\t<\/dt>\n\t\t\t\t<dd class='wp-caption-text gallery-caption' id='gallery-1-206'>\n\t\t\t\tBlick die Steubenstra\u00dfe in Richtung Marktkirche\n\t\t\t\t<\/dd><\/dl><dl class='gallery-item'>\n\t\t\t<dt class='gallery-icon landscape'>\n\t\t\t\t<a href='http:\/\/wiesbaden-blog.net\/?attachment_id=174'><img loading=\"lazy\" decoding=\"async\" width=\"150\" height=\"150\" src=\"http:\/\/wiesbaden-blog.net\/wp-content\/uploads\/DSCF1336-150x150.jpg\" class=\"attachment-thumbnail size-thumbnail\" alt=\"Gr\u00fcne Wiese mit L\u00f6wenzahn und Butterbluemen\" aria-describedby=\"gallery-1-174\" \/><\/a>\n\t\t\t<\/dt>\n\t\t\t\t<dd class='wp-caption-text gallery-caption' id='gallery-1-174'>\n\t\t\t\tBlick \u00fcber eine gr\u00fcne Wiese mit L\u00f6wenzahn und Butterbluemen\n\t\t\t\t<\/dd><\/dl><br style=\"clear: both\" \/><dl class='gallery-item'>\n\t\t\t<dt class='gallery-icon landscape'>\n\t\t\t\t<a href='http:\/\/wiesbaden-blog.net\/?attachment_id=173'><img loading=\"lazy\" decoding=\"async\" width=\"150\" height=\"150\" src=\"http:\/\/wiesbaden-blog.net\/wp-content\/uploads\/DSCF1335-150x150.jpg\" class=\"attachment-thumbnail size-thumbnail\" alt=\"&quot;griechische Kapelle&quot;\" aria-describedby=\"gallery-1-173\" \/><\/a>\n\t\t\t<\/dt>\n\t\t\t\t<dd class='wp-caption-text gallery-caption' id='gallery-1-173'>\n\t\t\t\t&#8222;griechische Kapelle&#8220;\n\t\t\t\t<\/dd><\/dl><dl class='gallery-item'>\n\t\t\t<dt class='gallery-icon landscape'>\n\t\t\t\t<a href='http:\/\/wiesbaden-blog.net\/?attachment_id=171'><img loading=\"lazy\" decoding=\"async\" width=\"150\" height=\"150\" src=\"http:\/\/wiesbaden-blog.net\/wp-content\/uploads\/DSCF1333-150x150.jpg\" class=\"attachment-thumbnail size-thumbnail\" alt=\"Blick \u00fcber ein Weizenfeld\" aria-describedby=\"gallery-1-171\" \/><\/a>\n\t\t\t<\/dt>\n\t\t\t\t<dd class='wp-caption-text gallery-caption' id='gallery-1-171'>\n\t\t\t\tBlick \u00fcber ein Weizenfeld\n\t\t\t\t<\/dd><\/dl><dl class='gallery-item'>\n\t\t\t<dt class='gallery-icon landscape'>\n\t\t\t\t<a href='http:\/\/wiesbaden-blog.net\/?attachment_id=170'><img loading=\"lazy\" decoding=\"async\" width=\"150\" height=\"150\" src=\"http:\/\/wiesbaden-blog.net\/wp-content\/uploads\/DSCF1332-150x150.jpg\" class=\"attachment-thumbnail size-thumbnail\" alt=\"Ein alter Grenzstein\" aria-describedby=\"gallery-1-170\" \/><\/a>\n\t\t\t<\/dt>\n\t\t\t\t<dd class='wp-caption-text gallery-caption' id='gallery-1-170'>\n\t\t\t\tEin alter Grenzstein\n\t\t\t\t<\/dd><\/dl><dl class='gallery-item'>\n\t\t\t<dt class='gallery-icon landscape'>\n\t\t\t\t<a href='http:\/\/wiesbaden-blog.net\/?attachment_id=169'><img loading=\"lazy\" decoding=\"async\" width=\"150\" height=\"150\" src=\"http:\/\/wiesbaden-blog.net\/wp-content\/uploads\/DSCF1331-150x150.jpg\" class=\"attachment-thumbnail size-thumbnail\" alt=\"Blick auf die Stadt\" aria-describedby=\"gallery-1-169\" \/><\/a>\n\t\t\t<\/dt>\n\t\t\t\t<dd class='wp-caption-text gallery-caption' id='gallery-1-169'>\n\t\t\t\tBlick auf die Stadt\n\t\t\t\t<\/dd><\/dl><br style=\"clear: both\" \/><dl class='gallery-item'>\n\t\t\t<dt class='gallery-icon landscape'>\n\t\t\t\t<a href='http:\/\/wiesbaden-blog.net\/?attachment_id=168'><img loading=\"lazy\" decoding=\"async\" width=\"150\" height=\"150\" src=\"http:\/\/wiesbaden-blog.net\/wp-content\/uploads\/DSCF1330-150x150.jpg\" class=\"attachment-thumbnail size-thumbnail\" alt=\"Blick auf die Stadt\" aria-describedby=\"gallery-1-168\" \/><\/a>\n\t\t\t<\/dt>\n\t\t\t\t<dd class='wp-caption-text gallery-caption' id='gallery-1-168'>\n\t\t\t\tBlick auf die Stadt\n\t\t\t\t<\/dd><\/dl><dl class='gallery-item'>\n\t\t\t<dt class='gallery-icon landscape'>\n\t\t\t\t<a href='http:\/\/wiesbaden-blog.net\/?attachment_id=167'><img loading=\"lazy\" decoding=\"async\" width=\"150\" height=\"150\" src=\"http:\/\/wiesbaden-blog.net\/wp-content\/uploads\/DSCF1329-150x150.jpg\" class=\"attachment-thumbnail size-thumbnail\" alt=\"Blick in die Innenstadt\" aria-describedby=\"gallery-1-167\" \/><\/a>\n\t\t\t<\/dt>\n\t\t\t\t<dd class='wp-caption-text gallery-caption' id='gallery-1-167'>\n\t\t\t\tBlick in die Innenstadt\n\t\t\t\t<\/dd><\/dl><dl class='gallery-item'>\n\t\t\t<dt class='gallery-icon landscape'>\n\t\t\t\t<a href='http:\/\/wiesbaden-blog.net\/?attachment_id=163'><img loading=\"lazy\" decoding=\"async\" width=\"150\" height=\"150\" src=\"http:\/\/wiesbaden-blog.net\/wp-content\/uploads\/DSCF1325-150x150.jpg\" class=\"attachment-thumbnail size-thumbnail\" alt=\"Ausblick auf die Stadt\" aria-describedby=\"gallery-1-163\" \/><\/a>\n\t\t\t<\/dt>\n\t\t\t\t<dd class='wp-caption-text gallery-caption' id='gallery-1-163'>\n\t\t\t\tAusblick auf die Stadt\n\t\t\t\t<\/dd><\/dl><dl class='gallery-item'>\n\t\t\t<dt class='gallery-icon landscape'>\n\t\t\t\t<a href='http:\/\/wiesbaden-blog.net\/?attachment_id=205'><img loading=\"lazy\" decoding=\"async\" width=\"150\" height=\"150\" src=\"http:\/\/wiesbaden-blog.net\/wp-content\/uploads\/DSCF1324-150x150.jpg\" class=\"attachment-thumbnail size-thumbnail\" alt=\"Ausblick auf die Stadt\" aria-describedby=\"gallery-1-205\" \/><\/a>\n\t\t\t<\/dt>\n\t\t\t\t<dd class='wp-caption-text gallery-caption' id='gallery-1-205'>\n\t\t\t\tAusblick auf die Stadt\n\t\t\t\t<\/dd><\/dl><br style=\"clear: both\" \/><dl class='gallery-item'>\n\t\t\t<dt class='gallery-icon landscape'>\n\t\t\t\t<a href='http:\/\/wiesbaden-blog.net\/?attachment_id=161'><img loading=\"lazy\" decoding=\"async\" width=\"150\" height=\"150\" src=\"http:\/\/wiesbaden-blog.net\/wp-content\/uploads\/DSCF1323-150x150.jpg\" class=\"attachment-thumbnail size-thumbnail\" alt=\"Panorama\" aria-describedby=\"gallery-1-161\" \/><\/a>\n\t\t\t<\/dt>\n\t\t\t\t<dd class='wp-caption-text gallery-caption' id='gallery-1-161'>\n\t\t\t\tPanorama\n\t\t\t\t<\/dd><\/dl><dl class='gallery-item'>\n\t\t\t<dt class='gallery-icon landscape'>\n\t\t\t\t<a href='http:\/\/wiesbaden-blog.net\/?attachment_id=160'><img loading=\"lazy\" decoding=\"async\" width=\"150\" height=\"150\" src=\"http:\/\/wiesbaden-blog.net\/wp-content\/uploads\/DSCF1322-150x150.jpg\" class=\"attachment-thumbnail size-thumbnail\" alt=\"Ausblick auf Wiesbaden\" aria-describedby=\"gallery-1-160\" \/><\/a>\n\t\t\t<\/dt>\n\t\t\t\t<dd class='wp-caption-text gallery-caption' id='gallery-1-160'>\n\t\t\t\tAusblick auf Wiesbaden\n\t\t\t\t<\/dd><\/dl><dl class='gallery-item'>\n\t\t\t<dt class='gallery-icon landscape'>\n\t\t\t\t<a href='http:\/\/wiesbaden-blog.net\/?attachment_id=159'><img loading=\"lazy\" decoding=\"async\" width=\"150\" height=\"150\" src=\"http:\/\/wiesbaden-blog.net\/wp-content\/uploads\/DSCF1321-150x150.jpg\" class=\"attachment-thumbnail size-thumbnail\" alt=\"Wiesen und Felder\" aria-describedby=\"gallery-1-159\" \/><\/a>\n\t\t\t<\/dt>\n\t\t\t\t<dd class='wp-caption-text gallery-caption' id='gallery-1-159'>\n\t\t\t\tWiesen und Felder\n\t\t\t\t<\/dd><\/dl><dl class='gallery-item'>\n\t\t\t<dt class='gallery-icon landscape'>\n\t\t\t\t<a href='http:\/\/wiesbaden-blog.net\/?attachment_id=158'><img loading=\"lazy\" decoding=\"async\" width=\"150\" height=\"150\" src=\"http:\/\/wiesbaden-blog.net\/wp-content\/uploads\/DSCF1320-150x150.jpg\" class=\"attachment-thumbnail size-thumbnail\" alt=\"Der Wartturm in Bierstadt\" aria-describedby=\"gallery-1-158\" \/><\/a>\n\t\t\t<\/dt>\n\t\t\t\t<dd class='wp-caption-text gallery-caption' id='gallery-1-158'>\n\t\t\t\tDer Wartturm in Bierstadt\n\t\t\t\t<\/dd><\/dl><br style=\"clear: both\" \/><dl class='gallery-item'>\n\t\t\t<dt class='gallery-icon landscape'>\n\t\t\t\t<a href='http:\/\/wiesbaden-blog.net\/?attachment_id=157'><img loading=\"lazy\" decoding=\"async\" width=\"150\" height=\"150\" src=\"http:\/\/wiesbaden-blog.net\/wp-content\/uploads\/DSCF1319-150x150.jpg\" class=\"attachment-thumbnail size-thumbnail\" alt=\"Park\" aria-describedby=\"gallery-1-157\" \/><\/a>\n\t\t\t<\/dt>\n\t\t\t\t<dd class='wp-caption-text gallery-caption' id='gallery-1-157'>\n\t\t\t\tPark\n\t\t\t\t<\/dd><\/dl><dl class='gallery-item'>\n\t\t\t<dt class='gallery-icon portrait'>\n\t\t\t\t<a href='http:\/\/wiesbaden-blog.net\/?attachment_id=202'><img loading=\"lazy\" decoding=\"async\" width=\"150\" height=\"150\" src=\"http:\/\/wiesbaden-blog.net\/wp-content\/uploads\/DSCF13181-150x150.jpg\" class=\"attachment-thumbnail size-thumbnail\" alt=\"Der alte Wartturm in Bierstadt\" aria-describedby=\"gallery-1-202\" \/><\/a>\n\t\t\t<\/dt>\n\t\t\t\t<dd class='wp-caption-text gallery-caption' id='gallery-1-202'>\n\t\t\t\tDer alte Wartturm in Bierstadt\n\t\t\t\t<\/dd><\/dl><dl class='gallery-item'>\n\t\t\t<dt class='gallery-icon portrait'>\n\t\t\t\t<a href='http:\/\/wiesbaden-blog.net\/?attachment_id=201'><img loading=\"lazy\" decoding=\"async\" width=\"150\" height=\"150\" src=\"http:\/\/wiesbaden-blog.net\/wp-content\/uploads\/DSCF13171-150x150.jpg\" class=\"attachment-thumbnail size-thumbnail\" alt=\"Der Zahn der Zeit...\" aria-describedby=\"gallery-1-201\" \/><\/a>\n\t\t\t<\/dt>\n\t\t\t\t<dd class='wp-caption-text gallery-caption' id='gallery-1-201'>\n\t\t\t\tDer Zahn der Zeit&#8230;\n\t\t\t\t<\/dd><\/dl><dl class='gallery-item'>\n\t\t\t<dt class='gallery-icon landscape'>\n\t\t\t\t<a href='http:\/\/wiesbaden-blog.net\/?attachment_id=154'><img loading=\"lazy\" decoding=\"async\" width=\"150\" height=\"150\" src=\"http:\/\/wiesbaden-blog.net\/wp-content\/uploads\/DSCF1316-150x150.jpg\" class=\"attachment-thumbnail size-thumbnail\" alt=\"Blick durch die B\u00fcsche\" aria-describedby=\"gallery-1-154\" \/><\/a>\n\t\t\t<\/dt>\n\t\t\t\t<dd class='wp-caption-text gallery-caption' id='gallery-1-154'>\n\t\t\t\tBlick durch die B\u00fcsche\n\t\t\t\t<\/dd><\/dl><br style=\"clear: both\" \/><dl class='gallery-item'>\n\t\t\t<dt class='gallery-icon portrait'>\n\t\t\t\t<a href='http:\/\/wiesbaden-blog.net\/?attachment_id=198'><img loading=\"lazy\" decoding=\"async\" width=\"150\" height=\"150\" src=\"http:\/\/wiesbaden-blog.net\/wp-content\/uploads\/DSCF13151-150x150.jpg\" class=\"attachment-thumbnail size-thumbnail\" alt=\"Der Wartturm in Wiesbaden-Bierstadt\" aria-describedby=\"gallery-1-198\" \/><\/a>\n\t\t\t<\/dt>\n\t\t\t\t<dd class='wp-caption-text gallery-caption' id='gallery-1-198'>\n\t\t\t\tDer Wartturm in Wiesbaden-Bierstadt\n\t\t\t\t<\/dd><\/dl><dl class='gallery-item'>\n\t\t\t<dt class='gallery-icon landscape'>\n\t\t\t\t<a href='http:\/\/wiesbaden-blog.net\/?attachment_id=152'><img loading=\"lazy\" decoding=\"async\" width=\"150\" height=\"150\" src=\"http:\/\/wiesbaden-blog.net\/wp-content\/uploads\/DSCF1313-150x150.jpg\" class=\"attachment-thumbnail size-thumbnail\" alt=\"Eichh\u00f6rnchen\" aria-describedby=\"gallery-1-152\" \/><\/a>\n\t\t\t<\/dt>\n\t\t\t\t<dd class='wp-caption-text gallery-caption' id='gallery-1-152'>\n\t\t\t\tEichh\u00f6rnchen\n\t\t\t\t<\/dd><\/dl><dl class='gallery-item'>\n\t\t\t<dt class='gallery-icon portrait'>\n\t\t\t\t<a href='http:\/\/wiesbaden-blog.net\/?attachment_id=197'><img loading=\"lazy\" decoding=\"async\" width=\"150\" height=\"150\" src=\"http:\/\/wiesbaden-blog.net\/wp-content\/uploads\/DSCF13111-150x150.jpg\" class=\"attachment-thumbnail size-thumbnail\" alt=\"Der Wartturm in Wiesbaden-Bierstadt\" aria-describedby=\"gallery-1-197\" \/><\/a>\n\t\t\t<\/dt>\n\t\t\t\t<dd class='wp-caption-text gallery-caption' id='gallery-1-197'>\n\t\t\t\tDer Wartturm in Wiesbaden-Bierstadt\n\t\t\t\t<\/dd><\/dl><dl class='gallery-item'>\n\t\t\t<dt class='gallery-icon landscape'>\n\t\t\t\t<a href='http:\/\/wiesbaden-blog.net\/?attachment_id=150'><img loading=\"lazy\" decoding=\"async\" width=\"150\" height=\"150\" src=\"http:\/\/wiesbaden-blog.net\/wp-content\/uploads\/DSCF1310-150x150.jpg\" class=\"attachment-thumbnail size-thumbnail\" alt=\"Der kleine Park am Ende der Wartestra\u00dfe\" aria-describedby=\"gallery-1-150\" \/><\/a>\n\t\t\t<\/dt>\n\t\t\t\t<dd class='wp-caption-text gallery-caption' id='gallery-1-150'>\n\t\t\t\tDer kleine Park am Ende der Wartestra\u00dfe\n\t\t\t\t<\/dd><\/dl><br style=\"clear: both\" \/>\n\t\t<\/div>\n\n<div class=\"twoclick_social_bookmarks_post_144 social_share_privacy clearfix 1.6.4 locale-de_DE sprite-de_DE\"><\/div><div class=\"twoclick-js\"><script type=\"text\/javascript\">\/* <![CDATA[ *\/\njQuery(document).ready(function($){if($('.twoclick_social_bookmarks_post_144')){$('.twoclick_social_bookmarks_post_144').socialSharePrivacy({\"services\":{\"facebook\":{\"status\":\"on\",\"txt_info\":\"2 Klicks f\\u00fcr mehr Datenschutz: Erst wenn Sie hier klicken, wird der Button aktiv und Sie k\\u00f6nnen Ihre Empfehlung an Facebook senden. Schon beim Aktivieren werden Daten an Dritte \\u00fcbertragen - siehe <em>i<\\\/em>.\",\"perma_option\":\"off\",\"action\":\"recommend\",\"language\":\"de_DE\"},\"twitter\":{\"reply_to\":\"\",\"tweet_text\":\"%20Der%20alte%20Wartturm%20und%20%C3%BCberraschende%20Aussichten%20%C2%BB%20Wiesbaden-Blog%20%23Aussicht%20...\",\"status\":\"on\",\"txt_info\":\"2 Klicks f\\u00fcr mehr Datenschutz: Erst wenn Sie hier klicken, wird der Button aktiv und Sie k\\u00f6nnen Ihre Empfehlung an Twitter senden. Schon beim Aktivieren werden Daten an Dritte \\u00fcbertragen - siehe <em>i<\\\/em>.\",\"perma_option\":\"off\",\"language\":\"de\",\"referrer_track\":\"\"},\"gplus\":{\"status\":\"on\",\"txt_info\":\"2 Klicks f\\u00fcr mehr Datenschutz: Erst wenn Sie hier klicken, wird der Button aktiv und Sie k\\u00f6nnen Ihre Empfehlung an Google+ senden. Schon beim Aktivieren werden Daten an Dritte \\u00fcbertragen - siehe <em>i<\\\/em>.\",\"perma_option\":\"off\",\"referrer_track\":\"\"}},\"txt_help\":\"Wenn Sie diese Felder durch einen Klick aktivieren, werden Informationen an Facebook, Twitter, Flattr, Xing, t3n, LinkedIn, Pinterest oder Google eventuell ins Ausland \\u00fcbertragen und unter Umst\\u00e4nden auch dort gespeichert. N\\u00e4heres erfahren Sie durch einen Klick auf das <em>i<\\\/em>.\",\"settings_perma\":\"Dauerhaft aktivieren und Daten\\u00fcber-tragung zustimmen:\",\"info_link\":\"http:\\\/\\\/www.heise.de\\\/ct\\\/artikel\\\/2-Klicks-fuer-mehr-Datenschutz-1333879.html\",\"uri\":\"http:\\\/\\\/wiesbaden-blog.net\\\/?p=144\",\"post_id\":144,\"post_title_referrer_track\":\"Der+alte+Wartturm+und+%C3%BCberraschende+Aussichten\",\"display_infobox\":\"on\"});}});\n\/* ]]> *\/<\/script><\/div>","protected":false},"excerpt":{"rendered":"<p>Heute wollte ich endlich mal zu einer Sehensw\u00fcrdigkeit an der ich eigentlich t\u00e4glich vorbei fahre und die DAS Wahrzeichen des Ortes Bierstadt darstellt (es ist fast schon peinlich, das ich vorher nie dort war): Die Bierstadter Warte. Der alte Wartturm\u00a0 &hellip; <a href=\"http:\/\/wiesbaden-blog.net\/?p=144\">Weiterlesen <span class=\"meta-nav\">&rarr;<\/span><\/a><\/p>\n","protected":false},"author":1,"featured_media":169,"comment_status":"open","ping_status":"open","sticky":false,"template":"","format":"standard","meta":{"footnotes":""},"categories":[4],"tags":[30,27,31,29,26,28,8],"class_list":["post-144","post","type-post","status-publish","format-standard","has-post-thumbnail","hentry","category-unterwegs-in-wiesbaden","tag-aussicht","tag-bierstadt","tag-griechische-kapelle","tag-mainz","tag-wahrzeichen","tag-wartturm","tag-wiesbaden"],"_links":{"self":[{"href":"http:\/\/wiesbaden-blog.net\/index.php?rest_route=\/wp\/v2\/posts\/144"}],"collection":[{"href":"http:\/\/wiesbaden-blog.net\/index.php?rest_route=\/wp\/v2\/posts"}],"about":[{"href":"http:\/\/wiesbaden-blog.net\/index.php?rest_route=\/wp\/v2\/types\/post"}],"author":[{"embeddable":true,"href":"http:\/\/wiesbaden-blog.net\/index.php?rest_route=\/wp\/v2\/users\/1"}],"replies":[{"embeddable":true,"href":"http:\/\/wiesbaden-blog.net\/index.php?rest_route=%2Fwp%2Fv2%2Fcomments&post=144"}],"version-history":[{"count":27,"href":"http:\/\/wiesbaden-blog.net\/index.php?rest_route=\/wp\/v2\/posts\/144\/revisions"}],"predecessor-version":[{"id":6448,"href":"http:\/\/wiesbaden-blog.net\/index.php?rest_route=\/wp\/v2\/posts\/144\/revisions\/6448"}],"wp:featuredmedia":[{"embeddable":true,"href":"http:\/\/wiesbaden-blog.net\/index.php?rest_route=\/wp\/v2\/media\/169"}],"wp:attachment":[{"href":"http:\/\/wiesbaden-blog.net\/index.php?rest_route=%2Fwp%2Fv2%2Fmedia&parent=144"}],"wp:term":[{"taxonomy":"category","embeddable":true,"href":"http:\/\/wiesbaden-blog.net\/index.php?rest_route=%2Fwp%2Fv2%2Fcategories&post=144"},{"taxonomy":"post_tag","embeddable":true,"href":"http:\/\/wiesbaden-blog.net\/index.php?rest_route=%2Fwp%2Fv2%2Ftags&post=144"}],"curies":[{"name":"wp","href":"https:\/\/api.w.org\/{rel}","templated":true}]}}