{"id":1393,"date":"2011-11-13T20:04:17","date_gmt":"2011-11-13T20:04:17","guid":{"rendered":"http:\/\/wiesbaden-blog.net\/?p=1393"},"modified":"2012-08-05T20:36:31","modified_gmt":"2012-08-05T20:36:31","slug":"auf-zur-rubenernte","status":"publish","type":"post","link":"http:\/\/wiesbaden-blog.net\/?p=1393","title":{"rendered":"Auf zur R\u00fcbenernte!"},"content":{"rendered":"<p>Heute habe ich wieder einmal eine neue Rund-Strecke getestet. Ausgangspunkt war wie \u00fcblich die Patrickstra\u00dfe in Wiesbaden Bierstadt. Von dort aus geht es die Zieglerstr. und die Stra\u00dfe &#8222;Am Wolfsfeld&#8220; endlang bis zum Industriegebiet &#8222;Rostocker Str.&#8220;. Von dort geht es weiter durch eine kleine Gartenkolonie und die Oberlinstr. entlang bis zur Tierklinik. Von hieraus geht es parallel zu Igstadter Str. \u00fcber Stock und Stein, einen teils unwegsamen Feldweg entlang.<\/p>\n<p>Bevor ich dann weiter nach S\u00fcden abgebogen bin, stie\u00df ich genau hier noch auf ein interessantes Geb\u00e4ude. Allem Anschein nach handelt es sich dabei um eine moderne &#8222;Garage&#8220; f\u00fcr landwirtschaftliche Maschinen. Auf dem Dach befinden sich Solarzellen und davor stand eine gro\u00dfe Ernte-Maschine f\u00fcr R\u00fcben. Ein sogenannter <a title=\"R\u00fcbenroder\" href=\"http:\/\/de.wikipedia.org\/wiki\/R%C3%BCbenroder\">R\u00fcbenroder <\/a>(Dank an Wikipedia).<\/p>\n<p>Nun aber weiter an den kahlen Feldern entlang auf denen zuvor noch Zuckerr\u00fcben standen. In Richtung S\u00fcden \u00fcberqueren wir jetzt die Igstadter Str., laufen vorbei am Reiterhof &#8222;K\u00f6pfchen Hof&#8220; und genie\u00dfen die frische Novermberluft.<\/p>\n<p>Nach fast einem Kilometer halten wir uns jetzt wieder in Richtung Westen, bis zur Erbenheimer Str. Hier m\u00f6chte ich darauf aufmerksam machen, das es nicht ganz einfach ist diese zu \u00fcberqueren. Der Verkehr kann schon mal recht stark sein. Au\u00dferdem gibt es keinen Fu\u00dfweg der die Stra\u00dfe entlang f\u00fchrt und die Feldwege auf beiden Seiten liegen sich auch nicht direkt gegen\u00fcber, so das man auf jeden Fall ein St\u00fcck an der viel befahrenen Kreisstra\u00dfe entlang laufen muss.<\/p>\n<p>Nun ist es schon gar nicht mehr so weit bis zum Ausgangspunkt zur\u00fcck. Nur noch durch die Gartenkolonie auf dieser Seite von Bierstadt und noch ein St\u00fcck durch den Ort zur\u00fcck und schon sind wir wieder da.<\/p>\n<p>Hier die Kartenansicht zur besseren Orientierung.<\/p>\n<p><iframe loading=\"lazy\" src=\"http:\/\/maps.google.de\/maps?f=d&amp;source=s_d&amp;saddr=Patrickstra%C3%9Fe,+Wiesbaden&amp;daddr=50.0848921,8.277456+to:50.0876838,8.2895416+to:50.085263,8.287637+to:50.0830457,8.2986681+to:50.07077,8.3001847+to:50.07318,8.28819+to:50.078224,8.2862719+to:50.083608,8.285884+to:Poststra%C3%9Fe&amp;geocode=FZ42_AIdU1l-ACnzwJyEpb29RzHeB5Tip8ELMQ%3BFRw8_AId0E1-ACnpDdnkr729RzHhiP4OUEMiEw%3BFQNH_AIdBX1-ACmjfCSTqb29RzE61uPnZzU9cA%3BFY89_AIdlXV-ACmZUnlPqL29RzGfJtjW0sNPIw%3BFeU0_AIdrKB-AClRsbYmBr29RzEAehFhst5fHw%3BFfIE_AIdmKZ-ACk1mpBCbb29RzEevxZwPmHL6A%3BFVwO_AIdvnd-ACmLXkPMCr29RzEZaTRkVPzrGg%3BFRAi_AIdP3B-ACmN8lTooL29RzEKAPOwyZw_kg%3BFRg3_AIdvG5-ACmDqwYopr29RzHQcAAPUEMiEw%3BFaA1_AIdlVl-AA&amp;aq=4&amp;oq=Privatstr&amp;sll=50.083789,8.28721&amp;sspn=0.006857,0.01929&amp;t=h&amp;hl=de&amp;dirflg=w&amp;mra=dme&amp;mrsp=9&amp;sz=16&amp;via=1,2,3,4,5,6,7,8&amp;ie=UTF8&amp;ll=50.07879,8.290901&amp;spn=0.019278,0.053644&amp;z=14&amp;output=embed\" frameborder=\"0\" marginwidth=\"0\" marginheight=\"0\" scrolling=\"no\" width=\"625\" height=\"350\"><\/iframe><br \/>\n<a style=\"color: #0000ff; text-align: left; font-size: 9px;\" href=\"http:\/\/maps.google.de\/maps?f=d&amp;source=embed&amp;saddr=Patrickstra%C3%9Fe,+Wiesbaden&amp;daddr=50.0848921,8.277456+to:50.0876838,8.2895416+to:50.085263,8.287637+to:50.0830457,8.2986681+to:50.07077,8.3001847+to:50.07318,8.28819+to:50.078224,8.2862719+to:50.083608,8.285884+to:Poststra%C3%9Fe&amp;geocode=FZ42_AIdU1l-ACnzwJyEpb29RzHeB5Tip8ELMQ%3BFRw8_AId0E1-ACnpDdnkr729RzHhiP4OUEMiEw%3BFQNH_AIdBX1-ACmjfCSTqb29RzE61uPnZzU9cA%3BFY89_AIdlXV-ACmZUnlPqL29RzGfJtjW0sNPIw%3BFeU0_AIdrKB-AClRsbYmBr29RzEAehFhst5fHw%3BFfIE_AIdmKZ-ACk1mpBCbb29RzEevxZwPmHL6A%3BFVwO_AIdvnd-ACmLXkPMCr29RzEZaTRkVPzrGg%3BFRAi_AIdP3B-ACmN8lTooL29RzEKAPOwyZw_kg%3BFRg3_AIdvG5-ACmDqwYopr29RzHQcAAPUEMiEw%3BFaA1_AIdlVl-AA&amp;aq=4&amp;oq=Privatstr&amp;sll=50.083789,8.28721&amp;sspn=0.006857,0.01929&amp;t=h&amp;hl=de&amp;dirflg=w&amp;mra=dme&amp;mrsp=9&amp;sz=16&amp;via=1,2,3,4,5,6,7,8&amp;ie=UTF8&amp;ll=50.07879,8.290901&amp;spn=0.019278,0.053644&amp;z=14\">Gr\u00f6\u00dfere Kartenansicht<\/a><\/p>\n<p>Und hier einige Fotos von meinem Ausflug<br \/>\n\n\t\t<style type=\"text\/css\">\n\t\t\t#gallery-1 {\n\t\t\t\tmargin: auto;\n\t\t\t}\n\t\t\t#gallery-1 .gallery-item {\n\t\t\t\tfloat: left;\n\t\t\t\tmargin-top: 10px;\n\t\t\t\ttext-align: center;\n\t\t\t\twidth: 25%;\n\t\t\t}\n\t\t\t#gallery-1 img {\n\t\t\t\tborder: 2px solid #cfcfcf;\n\t\t\t}\n\t\t\t#gallery-1 .gallery-caption {\n\t\t\t\tmargin-left: 0;\n\t\t\t}\n\t\t\t\/* see gallery_shortcode() in wp-includes\/media.php *\/\n\t\t<\/style>\n\t\t<div id='gallery-1' class='gallery galleryid-1393 gallery-columns-4 gallery-size-thumbnail'><dl class='gallery-item'>\n\t\t\t<dt class='gallery-icon landscape'>\n\t\t\t\t<a href='http:\/\/wiesbaden-blog.net\/?attachment_id=1409'><img loading=\"lazy\" decoding=\"async\" width=\"150\" height=\"150\" src=\"http:\/\/wiesbaden-blog.net\/wp-content\/uploads\/IMAG0937-150x150.jpg\" class=\"attachment-thumbnail size-thumbnail\" alt=\"Hinter dem Schleier des Novembernebels\" aria-describedby=\"gallery-1-1409\" \/><\/a>\n\t\t\t<\/dt>\n\t\t\t\t<dd class='wp-caption-text gallery-caption' id='gallery-1-1409'>\n\t\t\t\tHinter dem Schleier des Novembernebels\n\t\t\t\t<\/dd><\/dl><dl class='gallery-item'>\n\t\t\t<dt class='gallery-icon landscape'>\n\t\t\t\t<a href='http:\/\/wiesbaden-blog.net\/?attachment_id=1408'><img loading=\"lazy\" decoding=\"async\" width=\"150\" height=\"150\" src=\"http:\/\/wiesbaden-blog.net\/wp-content\/uploads\/IMAG0936-150x150.jpg\" class=\"attachment-thumbnail size-thumbnail\" alt=\"Wald und Feld\" aria-describedby=\"gallery-1-1408\" \/><\/a>\n\t\t\t<\/dt>\n\t\t\t\t<dd class='wp-caption-text gallery-caption' id='gallery-1-1408'>\n\t\t\t\tWald und Feld\n\t\t\t\t<\/dd><\/dl><dl class='gallery-item'>\n\t\t\t<dt class='gallery-icon landscape'>\n\t\t\t\t<a href='http:\/\/wiesbaden-blog.net\/?attachment_id=1407'><img loading=\"lazy\" decoding=\"async\" width=\"150\" height=\"150\" src=\"http:\/\/wiesbaden-blog.net\/wp-content\/uploads\/IMAG0935-150x150.jpg\" class=\"attachment-thumbnail size-thumbnail\" alt=\"Aufgeh\u00e4ufte R\u00fcben\" aria-describedby=\"gallery-1-1407\" \/><\/a>\n\t\t\t<\/dt>\n\t\t\t\t<dd class='wp-caption-text gallery-caption' id='gallery-1-1407'>\n\t\t\t\tAufgeh\u00e4ufte R\u00fcben\n\t\t\t\t<\/dd><\/dl><dl class='gallery-item'>\n\t\t\t<dt class='gallery-icon landscape'>\n\t\t\t\t<a href='http:\/\/wiesbaden-blog.net\/?attachment_id=1406'><img loading=\"lazy\" decoding=\"async\" width=\"150\" height=\"150\" src=\"http:\/\/wiesbaden-blog.net\/wp-content\/uploads\/IMAG0934-150x150.jpg\" class=\"attachment-thumbnail size-thumbnail\" alt=\"Igstadt\" aria-describedby=\"gallery-1-1406\" \/><\/a>\n\t\t\t<\/dt>\n\t\t\t\t<dd class='wp-caption-text gallery-caption' id='gallery-1-1406'>\n\t\t\t\tIgstadt\n\t\t\t\t<\/dd><\/dl><br style=\"clear: both\" \/><dl class='gallery-item'>\n\t\t\t<dt class='gallery-icon landscape'>\n\t\t\t\t<a href='http:\/\/wiesbaden-blog.net\/?attachment_id=1405'><img loading=\"lazy\" decoding=\"async\" width=\"150\" height=\"150\" src=\"http:\/\/wiesbaden-blog.net\/wp-content\/uploads\/IMAG0933-150x150.jpg\" class=\"attachment-thumbnail size-thumbnail\" alt=\"R\u00fcbenroder\" aria-describedby=\"gallery-1-1405\" \/><\/a>\n\t\t\t<\/dt>\n\t\t\t\t<dd class='wp-caption-text gallery-caption' id='gallery-1-1405'>\n\t\t\t\tR\u00fcbenroder\n\t\t\t\t<\/dd><\/dl><dl class='gallery-item'>\n\t\t\t<dt class='gallery-icon landscape'>\n\t\t\t\t<a href='http:\/\/wiesbaden-blog.net\/?attachment_id=1404'><img loading=\"lazy\" decoding=\"async\" width=\"150\" height=\"150\" src=\"http:\/\/wiesbaden-blog.net\/wp-content\/uploads\/IMAG0932-150x150.jpg\" class=\"attachment-thumbnail size-thumbnail\" alt=\"R\u00fcbenroder\" aria-describedby=\"gallery-1-1404\" \/><\/a>\n\t\t\t<\/dt>\n\t\t\t\t<dd class='wp-caption-text gallery-caption' id='gallery-1-1404'>\n\t\t\t\tR\u00fcbenroder\n\t\t\t\t<\/dd><\/dl><dl class='gallery-item'>\n\t\t\t<dt class='gallery-icon landscape'>\n\t\t\t\t<a href='http:\/\/wiesbaden-blog.net\/?attachment_id=1403'><img loading=\"lazy\" decoding=\"async\" width=\"150\" height=\"150\" src=\"http:\/\/wiesbaden-blog.net\/wp-content\/uploads\/IMAG0931-150x150.jpg\" class=\"attachment-thumbnail size-thumbnail\" alt=\"R\u00fcbenroder\" aria-describedby=\"gallery-1-1403\" \/><\/a>\n\t\t\t<\/dt>\n\t\t\t\t<dd class='wp-caption-text gallery-caption' id='gallery-1-1403'>\n\t\t\t\tR\u00fcbenroder\n\t\t\t\t<\/dd><\/dl><dl class='gallery-item'>\n\t\t\t<dt class='gallery-icon landscape'>\n\t\t\t\t<a href='http:\/\/wiesbaden-blog.net\/?attachment_id=1402'><img loading=\"lazy\" decoding=\"async\" width=\"150\" height=\"150\" src=\"http:\/\/wiesbaden-blog.net\/wp-content\/uploads\/IMAG0930-150x150.jpg\" class=\"attachment-thumbnail size-thumbnail\" alt=\"R\u00fcbenroder\" aria-describedby=\"gallery-1-1402\" \/><\/a>\n\t\t\t<\/dt>\n\t\t\t\t<dd class='wp-caption-text gallery-caption' id='gallery-1-1402'>\n\t\t\t\tR\u00fcbenroder\n\t\t\t\t<\/dd><\/dl><br style=\"clear: both\" \/><dl class='gallery-item'>\n\t\t\t<dt class='gallery-icon landscape'>\n\t\t\t\t<a href='http:\/\/wiesbaden-blog.net\/?attachment_id=1401'><img loading=\"lazy\" decoding=\"async\" width=\"150\" height=\"150\" src=\"http:\/\/wiesbaden-blog.net\/wp-content\/uploads\/IMAG0929-150x150.jpg\" class=\"attachment-thumbnail size-thumbnail\" alt=\"R\u00fcbenroder\" aria-describedby=\"gallery-1-1401\" \/><\/a>\n\t\t\t<\/dt>\n\t\t\t\t<dd class='wp-caption-text gallery-caption' id='gallery-1-1401'>\n\t\t\t\tR\u00fcbenroder\n\t\t\t\t<\/dd><\/dl><dl class='gallery-item'>\n\t\t\t<dt class='gallery-icon landscape'>\n\t\t\t\t<a href='http:\/\/wiesbaden-blog.net\/?attachment_id=1400'><img loading=\"lazy\" decoding=\"async\" width=\"150\" height=\"150\" src=\"http:\/\/wiesbaden-blog.net\/wp-content\/uploads\/IMAG0928-150x150.jpg\" class=\"attachment-thumbnail size-thumbnail\" alt=\"Weiter Himmel\" aria-describedby=\"gallery-1-1400\" \/><\/a>\n\t\t\t<\/dt>\n\t\t\t\t<dd class='wp-caption-text gallery-caption' id='gallery-1-1400'>\n\t\t\t\tWeiter Himmel\n\t\t\t\t<\/dd><\/dl><dl class='gallery-item'>\n\t\t\t<dt class='gallery-icon landscape'>\n\t\t\t\t<a href='http:\/\/wiesbaden-blog.net\/?attachment_id=1399'><img loading=\"lazy\" decoding=\"async\" width=\"150\" height=\"150\" src=\"http:\/\/wiesbaden-blog.net\/wp-content\/uploads\/IMAG0927-150x150.jpg\" class=\"attachment-thumbnail size-thumbnail\" alt=\"Nahe Igstadt\" aria-describedby=\"gallery-1-1399\" \/><\/a>\n\t\t\t<\/dt>\n\t\t\t\t<dd class='wp-caption-text gallery-caption' id='gallery-1-1399'>\n\t\t\t\tNahe Igstadt\n\t\t\t\t<\/dd><\/dl><dl class='gallery-item'>\n\t\t\t<dt class='gallery-icon landscape'>\n\t\t\t\t<a href='http:\/\/wiesbaden-blog.net\/?attachment_id=1398'><img loading=\"lazy\" decoding=\"async\" width=\"150\" height=\"150\" src=\"http:\/\/wiesbaden-blog.net\/wp-content\/uploads\/IMAG0926-150x150.jpg\" class=\"attachment-thumbnail size-thumbnail\" alt=\"Blick \u00fcber die Felder nach Igstadt\" aria-describedby=\"gallery-1-1398\" \/><\/a>\n\t\t\t<\/dt>\n\t\t\t\t<dd class='wp-caption-text gallery-caption' id='gallery-1-1398'>\n\t\t\t\tBlick \u00fcber die Felder nach Igstadt\n\t\t\t\t<\/dd><\/dl><br style=\"clear: both\" \/><dl class='gallery-item'>\n\t\t\t<dt class='gallery-icon landscape'>\n\t\t\t\t<a href='http:\/\/wiesbaden-blog.net\/?attachment_id=1397'><img loading=\"lazy\" decoding=\"async\" width=\"150\" height=\"150\" src=\"http:\/\/wiesbaden-blog.net\/wp-content\/uploads\/IMAG0925-150x150.jpg\" class=\"attachment-thumbnail size-thumbnail\" alt=\"R\u00fcbenernte\" aria-describedby=\"gallery-1-1397\" \/><\/a>\n\t\t\t<\/dt>\n\t\t\t\t<dd class='wp-caption-text gallery-caption' id='gallery-1-1397'>\n\t\t\t\tR\u00fcbenernte\n\t\t\t\t<\/dd><\/dl><dl class='gallery-item'>\n\t\t\t<dt class='gallery-icon landscape'>\n\t\t\t\t<a href='http:\/\/wiesbaden-blog.net\/?attachment_id=1396'><img loading=\"lazy\" decoding=\"async\" width=\"150\" height=\"150\" src=\"http:\/\/wiesbaden-blog.net\/wp-content\/uploads\/IMAG0924-150x150.jpg\" class=\"attachment-thumbnail size-thumbnail\" alt=\"R\u00fcbenroder und aufgeh\u00e4ufte R\u00fcben\" aria-describedby=\"gallery-1-1396\" \/><\/a>\n\t\t\t<\/dt>\n\t\t\t\t<dd class='wp-caption-text gallery-caption' id='gallery-1-1396'>\n\t\t\t\tR\u00fcbenroder und aufgeh\u00e4ufte R\u00fcben\n\t\t\t\t<\/dd><\/dl><dl class='gallery-item'>\n\t\t\t<dt class='gallery-icon landscape'>\n\t\t\t\t<a href='http:\/\/wiesbaden-blog.net\/?attachment_id=1395'><img loading=\"lazy\" decoding=\"async\" width=\"150\" height=\"150\" src=\"http:\/\/wiesbaden-blog.net\/wp-content\/uploads\/IMAG0923-150x150.jpg\" class=\"attachment-thumbnail size-thumbnail\" alt=\"Blick \u00fcber die Felder nach Kloppenheim\" aria-describedby=\"gallery-1-1395\" \/><\/a>\n\t\t\t<\/dt>\n\t\t\t\t<dd class='wp-caption-text gallery-caption' id='gallery-1-1395'>\n\t\t\t\tBlick \u00fcber die Felder nach Kloppenheim\n\t\t\t\t<\/dd><\/dl><dl class='gallery-item'>\n\t\t\t<dt class='gallery-icon landscape'>\n\t\t\t\t<a href='http:\/\/wiesbaden-blog.net\/?attachment_id=1394'><img loading=\"lazy\" decoding=\"async\" width=\"150\" height=\"150\" src=\"http:\/\/wiesbaden-blog.net\/wp-content\/uploads\/IMAG0922-150x150.jpg\" class=\"attachment-thumbnail size-thumbnail\" alt=\"Modernes landwirtschaftliches Geb\u00e4ude\" aria-describedby=\"gallery-1-1394\" \/><\/a>\n\t\t\t<\/dt>\n\t\t\t\t<dd class='wp-caption-text gallery-caption' id='gallery-1-1394'>\n\t\t\t\tModernes landwirtschaftliches Geb\u00e4ude\n\t\t\t\t<\/dd><\/dl><br style=\"clear: both\" \/>\n\t\t<\/div>\n<\/p>\n<div class=\"twoclick_social_bookmarks_post_1393 social_share_privacy clearfix 1.6.4 locale-de_DE sprite-de_DE\"><\/div><div class=\"twoclick-js\"><script type=\"text\/javascript\">\/* <![CDATA[ *\/\njQuery(document).ready(function($){if($('.twoclick_social_bookmarks_post_1393')){$('.twoclick_social_bookmarks_post_1393').socialSharePrivacy({\"services\":{\"facebook\":{\"status\":\"on\",\"txt_info\":\"2 Klicks f\\u00fcr mehr Datenschutz: Erst wenn Sie hier klicken, wird der Button aktiv und Sie k\\u00f6nnen Ihre Empfehlung an Facebook senden. Schon beim Aktivieren werden Daten an Dritte \\u00fcbertragen - siehe <em>i<\\\/em>.\",\"perma_option\":\"off\",\"action\":\"recommend\",\"language\":\"de_DE\"},\"twitter\":{\"reply_to\":\"\",\"tweet_text\":\"%20Auf%20zur%20R%C3%BCbenernte%21%20%C2%BB%20Wiesbaden-Blog%20%23Bierstadt%20%23R%C3%BCbenernte%20...\",\"status\":\"on\",\"txt_info\":\"2 Klicks f\\u00fcr mehr Datenschutz: Erst wenn Sie hier klicken, wird der Button aktiv und Sie k\\u00f6nnen Ihre Empfehlung an Twitter senden. Schon beim Aktivieren werden Daten an Dritte \\u00fcbertragen - siehe <em>i<\\\/em>.\",\"perma_option\":\"off\",\"language\":\"de\",\"referrer_track\":\"\"},\"gplus\":{\"status\":\"on\",\"txt_info\":\"2 Klicks f\\u00fcr mehr Datenschutz: Erst wenn Sie hier klicken, wird der Button aktiv und Sie k\\u00f6nnen Ihre Empfehlung an Google+ senden. Schon beim Aktivieren werden Daten an Dritte \\u00fcbertragen - siehe <em>i<\\\/em>.\",\"perma_option\":\"off\",\"referrer_track\":\"\"}},\"txt_help\":\"Wenn Sie diese Felder durch einen Klick aktivieren, werden Informationen an Facebook, Twitter, Flattr, Xing, t3n, LinkedIn, Pinterest oder Google eventuell ins Ausland \\u00fcbertragen und unter Umst\\u00e4nden auch dort gespeichert. N\\u00e4heres erfahren Sie durch einen Klick auf das <em>i<\\\/em>.\",\"settings_perma\":\"Dauerhaft aktivieren und Daten\\u00fcber-tragung zustimmen:\",\"info_link\":\"http:\\\/\\\/www.heise.de\\\/ct\\\/artikel\\\/2-Klicks-fuer-mehr-Datenschutz-1333879.html\",\"uri\":\"http:\\\/\\\/wiesbaden-blog.net\\\/?p=1393\",\"post_id\":1393,\"post_title_referrer_track\":\"Auf+zur+R%C3%BCbenernte%21\",\"display_infobox\":\"on\"});}});\n\/* ]]> *\/<\/script><\/div>","protected":false},"excerpt":{"rendered":"<p>Heute habe ich wieder einmal eine neue Rund-Strecke getestet. Ausgangspunkt war wie \u00fcblich die Patrickstra\u00dfe in Wiesbaden Bierstadt. Von dort aus geht es die Zieglerstr. und die Stra\u00dfe &#8222;Am Wolfsfeld&#8220; endlang bis zum Industriegebiet &#8222;Rostocker Str.&#8220;. Von dort geht es &hellip; <a href=\"http:\/\/wiesbaden-blog.net\/?p=1393\">Weiterlesen <span class=\"meta-nav\">&rarr;<\/span><\/a><\/p>\n","protected":false},"author":1,"featured_media":1401,"comment_status":"open","ping_status":"open","sticky":false,"template":"","format":"standard","meta":{"footnotes":""},"categories":[4],"tags":[27,153,154,155,152],"class_list":["post-1393","post","type-post","status-publish","format-standard","has-post-thumbnail","hentry","category-unterwegs-in-wiesbaden","tag-bierstadt","tag-rubenernte","tag-rubenroder","tag-tierklinik","tag-zuckerruben"],"_links":{"self":[{"href":"http:\/\/wiesbaden-blog.net\/index.php?rest_route=\/wp\/v2\/posts\/1393"}],"collection":[{"href":"http:\/\/wiesbaden-blog.net\/index.php?rest_route=\/wp\/v2\/posts"}],"about":[{"href":"http:\/\/wiesbaden-blog.net\/index.php?rest_route=\/wp\/v2\/types\/post"}],"author":[{"embeddable":true,"href":"http:\/\/wiesbaden-blog.net\/index.php?rest_route=\/wp\/v2\/users\/1"}],"replies":[{"embeddable":true,"href":"http:\/\/wiesbaden-blog.net\/index.php?rest_route=%2Fwp%2Fv2%2Fcomments&post=1393"}],"version-history":[{"count":10,"href":"http:\/\/wiesbaden-blog.net\/index.php?rest_route=\/wp\/v2\/posts\/1393\/revisions"}],"predecessor-version":[{"id":1664,"href":"http:\/\/wiesbaden-blog.net\/index.php?rest_route=\/wp\/v2\/posts\/1393\/revisions\/1664"}],"wp:featuredmedia":[{"embeddable":true,"href":"http:\/\/wiesbaden-blog.net\/index.php?rest_route=\/wp\/v2\/media\/1401"}],"wp:attachment":[{"href":"http:\/\/wiesbaden-blog.net\/index.php?rest_route=%2Fwp%2Fv2%2Fmedia&parent=1393"}],"wp:term":[{"taxonomy":"category","embeddable":true,"href":"http:\/\/wiesbaden-blog.net\/index.php?rest_route=%2Fwp%2Fv2%2Fcategories&post=1393"},{"taxonomy":"post_tag","embeddable":true,"href":"http:\/\/wiesbaden-blog.net\/index.php?rest_route=%2Fwp%2Fv2%2Ftags&post=1393"}],"curies":[{"name":"wp","href":"https:\/\/api.w.org\/{rel}","templated":true}]}}