{"id":1153,"date":"2011-09-13T22:11:17","date_gmt":"2011-09-13T22:11:17","guid":{"rendered":"http:\/\/wiesbaden-blog.net\/?p=1153"},"modified":"2012-07-21T17:48:52","modified_gmt":"2012-07-21T17:48:52","slug":"das-solmsschlosschen-in-der-dammerung","status":"publish","type":"post","link":"http:\/\/wiesbaden-blog.net\/?p=1153","title":{"rendered":"Das Solmsschl\u00f6sschen in der D\u00e4mmerung"},"content":{"rendered":"<p>Heute bin ich auf meinem Heimweg durch das Villenviertel am Bierstadter Hang spaziert. Dort steht an der Ecke Gustav-Freytag- und Solmsstr. das sogenannte Solmsschl\u00f6sschen.<\/p>\n<p>Hier ein Blick von oben:<br \/>\n<iframe loading=\"lazy\" src=\"http:\/\/maps.google.de\/maps?f=q&amp;source=s_q&amp;hl=de&amp;geocode=&amp;q=Gustav-Freytag-Stra%C3%9Fe+31,+Wiesbaden&amp;aq=&amp;sll=50.07857,8.256129&amp;sspn=0.001714,0.004823&amp;t=h&amp;ie=UTF8&amp;hq=&amp;hnear=Gustav-Freytag-Stra%C3%9Fe+31,+65189+Wiesbaden,+Darmstadt,+Hessen&amp;ll=50.078589,8.255673&amp;spn=0.000602,0.001676&amp;z=19&amp;output=embed\" frameborder=\"0\" marginwidth=\"0\" marginheight=\"0\" scrolling=\"no\" width=\"625\" height=\"350\"><\/iframe><br \/>\n<a style=\"color: #0000ff; text-align: left; font-size: 9px;\" href=\"http:\/\/maps.google.de\/maps?f=q&amp;source=embed&amp;hl=de&amp;geocode=&amp;q=Gustav-Freytag-Stra%C3%9Fe+31,+Wiesbaden&amp;aq=&amp;sll=50.07857,8.256129&amp;sspn=0.001714,0.004823&amp;t=h&amp;ie=UTF8&amp;hq=&amp;hnear=Gustav-Freytag-Stra%C3%9Fe+31,+65189+Wiesbaden,+Darmstadt,+Hessen&amp;ll=50.078589,8.255673&amp;spn=0.000602,0.001676&amp;z=19\">Gr\u00f6\u00dfere Kartenansicht<\/a><\/p>\n<p>Erbauen lies das pr\u00e4chtige Geb\u00e4ude der Prinz Albrecht zu Solms-Braunfels in den Jahren 1890 bis 1892 nach Pl\u00e4nen von Ferdinand Schorbach. Durch seine nicht symmetrische Grundform und das verwendete Fachwerk stellt das Schl\u00f6sschen einen Meilenstein der Architektur dar und war danach lange Zeit Vorbild f\u00fcr weitere Bauten.<\/p>\n<p>Mitgebracht habe ich ein fantastisches Foto des Geb\u00e4udes. Hier steht es in der schon sehr dunklen Abendd\u00e4mmerung. Zu sehen ist die Seite, die an die Gustav-Freytag-Str. grenzt.<\/p>\n<div id=\"attachment_1154\" style=\"width: 594px\" class=\"wp-caption alignnone\"><a href=\"http:\/\/wiesbaden-blog.net\/wp-content\/uploads\/IMAG0713.jpg\"><img loading=\"lazy\" decoding=\"async\" aria-describedby=\"caption-attachment-1154\" class=\"size-large wp-image-1154\" title=\"Solmsschl\u00f6sschen\" src=\"http:\/\/wiesbaden-blog.net\/wp-content\/uploads\/IMAG0713-613x1024.jpg\" alt=\"Solmsschl\u00f6sschen\" width=\"584\" height=\"975\" srcset=\"http:\/\/wiesbaden-blog.net\/wp-content\/uploads\/IMAG0713-613x1024.jpg 613w, http:\/\/wiesbaden-blog.net\/wp-content\/uploads\/IMAG0713-179x300.jpg 179w, http:\/\/wiesbaden-blog.net\/wp-content\/uploads\/IMAG0713.jpg 1552w\" sizes=\"(max-width: 584px) 100vw, 584px\" \/><\/a><p id=\"caption-attachment-1154\" class=\"wp-caption-text\">Solmsschl\u00f6sschen, gesehen von der Gustav-Freytag-Str.<\/p><\/div>\n<p>&nbsp;<\/p>\n<div class=\"twoclick_social_bookmarks_post_1153 social_share_privacy clearfix 1.6.4 locale-de_DE sprite-de_DE\"><\/div><div class=\"twoclick-js\"><script type=\"text\/javascript\">\/* <![CDATA[ *\/\njQuery(document).ready(function($){if($('.twoclick_social_bookmarks_post_1153')){$('.twoclick_social_bookmarks_post_1153').socialSharePrivacy({\"services\":{\"facebook\":{\"status\":\"on\",\"txt_info\":\"2 Klicks f\\u00fcr mehr Datenschutz: Erst wenn Sie hier klicken, wird der Button aktiv und Sie k\\u00f6nnen Ihre Empfehlung an Facebook senden. Schon beim Aktivieren werden Daten an Dritte \\u00fcbertragen - siehe <em>i<\\\/em>.\",\"perma_option\":\"off\",\"action\":\"recommend\",\"language\":\"de_DE\"},\"twitter\":{\"reply_to\":\"\",\"tweet_text\":\"%20Das%20Solmsschl%C3%B6sschen%20in%20der%20D%C3%A4mmerung%20%C2%BB%20Wiesbaden-Blog%20%23Bierstadter%20Hang%20...\",\"status\":\"on\",\"txt_info\":\"2 Klicks f\\u00fcr mehr Datenschutz: Erst wenn Sie hier klicken, wird der Button aktiv und Sie k\\u00f6nnen Ihre Empfehlung an Twitter senden. Schon beim Aktivieren werden Daten an Dritte \\u00fcbertragen - siehe <em>i<\\\/em>.\",\"perma_option\":\"off\",\"language\":\"de\",\"referrer_track\":\"\"},\"gplus\":{\"status\":\"on\",\"txt_info\":\"2 Klicks f\\u00fcr mehr Datenschutz: Erst wenn Sie hier klicken, wird der Button aktiv und Sie k\\u00f6nnen Ihre Empfehlung an Google+ senden. Schon beim Aktivieren werden Daten an Dritte \\u00fcbertragen - siehe <em>i<\\\/em>.\",\"perma_option\":\"off\",\"referrer_track\":\"\"}},\"txt_help\":\"Wenn Sie diese Felder durch einen Klick aktivieren, werden Informationen an Facebook, Twitter, Flattr, Xing, t3n, LinkedIn, Pinterest oder Google eventuell ins Ausland \\u00fcbertragen und unter Umst\\u00e4nden auch dort gespeichert. N\\u00e4heres erfahren Sie durch einen Klick auf das <em>i<\\\/em>.\",\"settings_perma\":\"Dauerhaft aktivieren und Daten\\u00fcber-tragung zustimmen:\",\"info_link\":\"http:\\\/\\\/www.heise.de\\\/ct\\\/artikel\\\/2-Klicks-fuer-mehr-Datenschutz-1333879.html\",\"uri\":\"http:\\\/\\\/wiesbaden-blog.net\\\/?p=1153\",\"post_id\":1153,\"post_title_referrer_track\":\"Das+Solmsschl%C3%B6sschen+in+der+D%C3%A4mmerung\",\"display_infobox\":\"on\"});}});\n\/* ]]> *\/<\/script><\/div>","protected":false},"excerpt":{"rendered":"<p>Heute bin ich auf meinem Heimweg durch das Villenviertel am Bierstadter Hang spaziert. Dort steht an der Ecke Gustav-Freytag- und Solmsstr. das sogenannte Solmsschl\u00f6sschen. Hier ein Blick von oben: Gr\u00f6\u00dfere Kartenansicht Erbauen lies das pr\u00e4chtige Geb\u00e4ude der Prinz Albrecht zu &hellip; <a href=\"http:\/\/wiesbaden-blog.net\/?p=1153\">Weiterlesen <span class=\"meta-nav\">&rarr;<\/span><\/a><\/p>\n","protected":false},"author":1,"featured_media":1154,"comment_status":"open","ping_status":"open","sticky":false,"template":"","format":"standard","meta":{"footnotes":""},"categories":[4],"tags":[135,132,134,133],"class_list":["post-1153","post","type-post","status-publish","format-standard","has-post-thumbnail","hentry","category-unterwegs-in-wiesbaden","tag-bierstadter-hang","tag-gustav-freytag-str","tag-solmsschlosschen","tag-solmsstr"],"_links":{"self":[{"href":"http:\/\/wiesbaden-blog.net\/index.php?rest_route=\/wp\/v2\/posts\/1153"}],"collection":[{"href":"http:\/\/wiesbaden-blog.net\/index.php?rest_route=\/wp\/v2\/posts"}],"about":[{"href":"http:\/\/wiesbaden-blog.net\/index.php?rest_route=\/wp\/v2\/types\/post"}],"author":[{"embeddable":true,"href":"http:\/\/wiesbaden-blog.net\/index.php?rest_route=\/wp\/v2\/users\/1"}],"replies":[{"embeddable":true,"href":"http:\/\/wiesbaden-blog.net\/index.php?rest_route=%2Fwp%2Fv2%2Fcomments&post=1153"}],"version-history":[{"count":9,"href":"http:\/\/wiesbaden-blog.net\/index.php?rest_route=\/wp\/v2\/posts\/1153\/revisions"}],"predecessor-version":[{"id":1212,"href":"http:\/\/wiesbaden-blog.net\/index.php?rest_route=\/wp\/v2\/posts\/1153\/revisions\/1212"}],"wp:featuredmedia":[{"embeddable":true,"href":"http:\/\/wiesbaden-blog.net\/index.php?rest_route=\/wp\/v2\/media\/1154"}],"wp:attachment":[{"href":"http:\/\/wiesbaden-blog.net\/index.php?rest_route=%2Fwp%2Fv2%2Fmedia&parent=1153"}],"wp:term":[{"taxonomy":"category","embeddable":true,"href":"http:\/\/wiesbaden-blog.net\/index.php?rest_route=%2Fwp%2Fv2%2Fcategories&post=1153"},{"taxonomy":"post_tag","embeddable":true,"href":"http:\/\/wiesbaden-blog.net\/index.php?rest_route=%2Fwp%2Fv2%2Ftags&post=1153"}],"curies":[{"name":"wp","href":"https:\/\/api.w.org\/{rel}","templated":true}]}}